{"id":2397,"date":"2010-04-16T21:09:03","date_gmt":"2010-04-16T21:09:03","guid":{"rendered":" http:\/\/pacifichigh.de\/wp_ph_de\/?p=2397"},"modified":"2010-04-16T21:09:03","modified_gmt":"2010-04-16T21:09:03","slug":"16-04-2010-donnerstag-necker-islandbvi-virgin-gordabvi","status":"publish","type":"post","link":"http:\/\/pacifichigh.de\/wp_ph_de\/?p=2397","title":{"rendered":"16.04.2010 Donnerstag Necker Island\/BVI &#8211; Virgin Gorda\/BVI"},"content":{"rendered":"<p>Necker Island!!!!<br \/>\nSeit vielen, vielen Jahren m\u00f6chte ich diese Insel sehen. Dazu mu\u00df man wissen, dass mein Geburtsname Necker ist. Seitdem ich vor 25 Jahren auf einer Landkarte eine Insel namens Necker-Island entdeckte, ist es mein Wunsch, einmal diese Insel zu sehen. Eine Insel, die so hei\u00dft wie ich! Also eigentlich praktisch meine Insel! Mein Wunsch erschien mir so viele Jahre aussichtslos, unerf\u00fcllbar, zumal Necker-Island Multimilliard\u00e4r Richard Branson geh\u00f6rt, der darauf ein Luxus-Resort (53.000,&#8211; US $ pro Nacht!) errichtet hat.\u00a0 Aber man soll eben doch nie nie sagen. Da wir noch einklarieren m\u00fcssen machten wir uns am Morgen auf nach Spanish Town. Dort angekommen, sprangen wir alle vier ins Dinghy. Wir fuhren in den netten Hafen und machten am Dinghydock fest. Zum Office mu\u00df man ein paar Meter durch einen sch\u00f6nen gepflegten Palmenhain gehen. Es ist alles sehr ordentlich und unseren M\u00fcll sind wir auf dem Weg auch losgeworden. Die Menschen sind alle sehr freundlich und hilfsbereit. Nach der Einklarierungsprozedur machten wir noch einen kleinen Rundgang durch das St\u00e4dtchen und besuchten auch den Yum-Yum S\u00fc\u00dfigkeitenladen, den ein netter Polizist im Ruhestand betreibt. Helena war gl\u00fccklich, hat sie doch endlich ihre Eltern weichgekocht, ihr so einen Riesenlutscher zu kaufen. Bisher haben wir standhaft verweigert, aber bei so einem tollen Laden&#8230; wer kann da schon nein sagen?<\/p>\n","protected":false},"excerpt":{"rendered":"<p>Necker Island!!!! Seit vielen, vielen Jahren m\u00f6chte ich diese Insel sehen. Dazu mu\u00df man wissen, dass mein Geburtsname Necker ist. Seitdem ich vor 25 Jahren auf einer Landkarte eine Insel namens Necker-Island entdeckte, ist es mein Wunsch, einmal diese Insel zu sehen. Eine Insel, die so hei\u00dft wie ich! Also eigentlich praktisch meine Insel! Mein [&hellip;]<\/p>\n","protected":false},"author":3,"featured_media":0,"comment_status":"closed","ping_status":"closed","sticky":false,"template":"","format":"standard","meta":{"_s2mail":"","ngg_post_thumbnail":0},"categories":[2],"tags":[],"_links":{"self":[{"href":"http:\/\/pacifichigh.de\/wp_ph_de\/index.php?rest_route=\/wp\/v2\/posts\/2397"}],"collection":[{"href":"http:\/\/pacifichigh.de\/wp_ph_de\/index.php?rest_route=\/wp\/v2\/posts"}],"about":[{"href":"http:\/\/pacifichigh.de\/wp_ph_de\/index.php?rest_route=\/wp\/v2\/types\/post"}],"author":[{"embeddable":true,"href":"http:\/\/pacifichigh.de\/wp_ph_de\/index.php?rest_route=\/wp\/v2\/users\/3"}],"replies":[{"embeddable":true,"href":"http:\/\/pacifichigh.de\/wp_ph_de\/index.php?rest_route=%2Fwp%2Fv2%2Fcomments&post=2397"}],"version-history":[{"count":0,"href":"http:\/\/pacifichigh.de\/wp_ph_de\/index.php?rest_route=\/wp\/v2\/posts\/2397\/revisions"}],"wp:attachment":[{"href":"http:\/\/pacifichigh.de\/wp_ph_de\/index.php?rest_route=%2Fwp%2Fv2%2Fmedia&parent=2397"}],"wp:term":[{"taxonomy":"category","embeddable":true,"href":"http:\/\/pacifichigh.de\/wp_ph_de\/index.php?rest_route=%2Fwp%2Fv2%2Fcategories&post=2397"},{"taxonomy":"post_tag","embeddable":true,"href":"http:\/\/pacifichigh.de\/wp_ph_de\/index.php?rest_route=%2Fwp%2Fv2%2Ftags&post=2397"}],"curies":[{"name":"wp","href":"https:\/\/api.w.org\/{rel}","templated":true}]}}