{"id":1950,"date":"2009-09-21T12:34:02","date_gmt":"2009-09-21T13:34:02","guid":{"rendered":" http:\/\/pacifichigh.de\/wp_ph_de\/?p=1950"},"modified":"2009-09-21T12:34:02","modified_gmt":"2009-09-21T13:34:02","slug":"210909-abbaye-de-fontfroide210909-abbaye-de-fontfroide210909-abbaye-de-fontfroide210909-abbaye-de-fontfroide","status":"publish","type":"post","link":"http:\/\/pacifichigh.de\/wp_ph_de\/?p=1950","title":{"rendered":"21.09.09 Abbaye de Fontfroide21.09.09 Abbaye de Fontfroide21.09.09 Abbaye de Fontfroide21.09.09 Abbaye de Fontfroide"},"content":{"rendered":"<p><!--:de--><!--[endif]--><\/p>\n<p style=\"text-align: justify;\"><span style=\"font-size: medium;\"><span style=\"font-family: Arial;\">Im Jahr 1093 wird in Fontfroide ein Benediktinerkloster gegr\u00fcndet, das sich aus Anlass des Aufenthalts des heiligen Bernhards im Languedoc 1145 dem Orden der Zisterzienser anschliesst. Mit dem Bau der Klosterkirche wird in diesem Jahr begonnen. Das spitzbogige Tonnengew\u00f6lbe erhebt sich bis in 20 m H\u00f6he und ist ein beeindruckendes Beispiel f\u00fcr die Schlichtheit zisterziensischer Baukunst.<\/span><\/span><\/p>\n<p style=\"text-align: justify;\"><span style=\"font-size: medium;\"><span style=\"font-family: Arial;\">Der <strong>Kreuzgang<\/strong> stammt ebenso. wie auch der Kapitelsaal, einem Meisterwerk romanischer Baukunst, aus dem 12.Jh. Fontfroides Bedeutung erstreckt sich bald \u00fcber die ganze Region und bis weit nach Katalonien. Diese Bedeutung Fontfroides h\u00e4lt bis zur Mitte des 14. Jh.unvermindert an. Aus dem Kloster gelangen zwei \u00c4bte zu h\u00f6chsten \u00c4mtern: <strong>Arnaud Nouvel<\/strong> wird Kardinal, Kanzler der Kirche und schliesslich p\u00e4pstlicher Legat im Prozess gegen die Templer. <strong>Jacques Fournier<\/strong> geht als Papst Beno\u00eet XII in die Geschichte ein.<br \/>\n<strong>1348<\/strong> erreicht die <strong>Pest<\/strong> auch Frontfroide und vom Verlust von 3\/4 seiner M\u00f6nche erholt sich Fontfroide nicht mehr. <\/span><span style=\"font-family: Arial;\">Die letzten M\u00f6nche verlassen Fontfroide 1791. Neues kl\u00f6sterliches Leben entsteht 1858. Mit dem Gesetz gegen die religi\u00f6sen Glaubensgemeinschaften aus dem Jahr 1901 erlischt das kl\u00f6sterliche Leben endg\u00fcltig. Die letzten M\u00f6nche fliehen nach Spanien und die Anlage ist bis 1908 sich selbst \u00fcberlassen. In einer Versteigerung wird Fontfroide von passionierten Kunstfreunden erworben und so vor den Verfall gerettet.<\/span><\/span><\/p>\n<p style=\"text-align: center;\">httpv:\/\/www.youtube.com\/watch?v=QG8r4H5tE78<\/p>\n<p style=\"text-align: justify;\"><span style=\"font-size: medium;\"><span style=\"font-family: Arial;\">Uns haben sowohl das Kloster als auch die umgebenden H\u00fcgel mit den sattgr\u00fcnen Cypressenhainen und Pinienw\u00e4ldern mitten in dieser doch recht kargen und trockenen Landschaft begeistert. Auch die F\u00fchrung durch das Kloster war sehr interessant und lehrreich da wir das Gl\u00fcck hatten einen jungen und engagierten Guide zu haben. Leider hatten wir anschliessend keine Zeit mehr den wohl hervorragenden ein, der den Namen des Klosters tr\u00e4gt, zu verkosten!<\/span><\/span><\/p>\n<p style=\"text-align: justify;\">\n<p style=\"text-align: justify;\"><span style=\"font-size: medium;\"><span style=\"font-family: Arial;\"><!-- index.php -->\n<div\n\tclass=\"ngg-galleryoverview ngg-ajax-pagination-none\"\n\tid=\"ngg-gallery-037e2e993128da249461fe13af557118-1\">\n\n    \t<div class=\"slideshowlink\">\n        <a href='http:\/\/pacifichigh.de\/wp_ph_de\/index.php\/nggallery\/slideshow?p=1950'>[Show slideshow]<\/a>\n\t\t\n\t<\/div>\n\t\t\t<!-- Thumbnails -->\n\t\t\t\t<div id=\"ngg-image-0\" class=\"ngg-gallery-thumbnail-box\" >\n\t\t\t\t        <div class=\"ngg-gallery-thumbnail\">\n            <a href=\"http:\/\/pacifichigh.de\/wp_ph_de\/wp-content\/gallery\/090921_abbaie_fontfroide\/fontfroide_02_1ds_1250.jpg\"\n               title=\"Die \\&quot;Abbaye de Fontfroide\\&quot; liegt am Ende eines Tales eingebettet zwischen Pinien und Zypressen\"\n               data-src=\"http:\/\/pacifichigh.de\/wp_ph_de\/wp-content\/gallery\/090921_abbaie_fontfroide\/fontfroide_02_1ds_1250.jpg\"\n               data-thumbnail=\"http:\/\/pacifichigh.de\/wp_ph_de\/wp-content\/gallery\/090921_abbaie_fontfroide\/thumbs\/thumbs_fontfroide_02_1ds_1250.jpg\"\n               data-image-id=\"1565\"\n               data-title=\"fontfroide_02_1ds_1250.jpg\"\n               data-description=\"Die &quot;Abbaye de Fontfroide&quot; liegt am Ende eines Tales eingebettet zwischen Pinien und Zypressen\"\n               data-image-slug=\"fontfroide_02_1ds_1250-jpg\"\n               class=\"ngg-fancybox\" rel=\"037e2e993128da249461fe13af557118\">\n                <img\n                    title=\"fontfroide_02_1ds_1250.jpg\"\n                    alt=\"fontfroide_02_1ds_1250.jpg\"\n                    src=\"http:\/\/pacifichigh.de\/wp_ph_de\/wp-content\/gallery\/090921_abbaie_fontfroide\/thumbs\/thumbs_fontfroide_02_1ds_1250.jpg\"\n                    width=\"150\"\n                    height=\"100\"\n                    style=\"max-width:100%;\"\n                \/>\n            <\/a>\n        <\/div>\n\t\t\t\t\t\t\t<\/div> \n\t\t\t\n        \n\t\t\t\t<div id=\"ngg-image-1\" class=\"ngg-gallery-thumbnail-box\" >\n\t\t\t\t        <div class=\"ngg-gallery-thumbnail\">\n            <a href=\"http:\/\/pacifichigh.de\/wp_ph_de\/wp-content\/gallery\/090921_abbaie_fontfroide\/fontfroide_03_1ds_1245.jpg\"\n               title=\"\"\n               data-src=\"http:\/\/pacifichigh.de\/wp_ph_de\/wp-content\/gallery\/090921_abbaie_fontfroide\/fontfroide_03_1ds_1245.jpg\"\n               data-thumbnail=\"http:\/\/pacifichigh.de\/wp_ph_de\/wp-content\/gallery\/090921_abbaie_fontfroide\/thumbs\/thumbs_fontfroide_03_1ds_1245.jpg\"\n               data-image-id=\"1566\"\n               data-title=\"fontfroide_03_1ds_1245.jpg\"\n               data-description=\"\"\n               data-image-slug=\"fontfroide_03_1ds_1245-jpg\"\n               class=\"ngg-fancybox\" rel=\"037e2e993128da249461fe13af557118\">\n                <img\n                    title=\"fontfroide_03_1ds_1245.jpg\"\n                    alt=\"fontfroide_03_1ds_1245.jpg\"\n                    src=\"http:\/\/pacifichigh.de\/wp_ph_de\/wp-content\/gallery\/090921_abbaie_fontfroide\/thumbs\/thumbs_fontfroide_03_1ds_1245.jpg\"\n                    width=\"150\"\n                    height=\"100\"\n                    style=\"max-width:100%;\"\n                \/>\n            <\/a>\n        <\/div>\n\t\t\t\t\t\t\t<\/div> \n\t\t\t\n        \n\t\t\t\t<div id=\"ngg-image-2\" class=\"ngg-gallery-thumbnail-box\" >\n\t\t\t\t        <div class=\"ngg-gallery-thumbnail\">\n            <a href=\"http:\/\/pacifichigh.de\/wp_ph_de\/wp-content\/gallery\/090921_abbaie_fontfroide\/fontfroide_04_1ds_1265.jpg\"\n               title=\"Innenhof des Klosters\"\n               data-src=\"http:\/\/pacifichigh.de\/wp_ph_de\/wp-content\/gallery\/090921_abbaie_fontfroide\/fontfroide_04_1ds_1265.jpg\"\n               data-thumbnail=\"http:\/\/pacifichigh.de\/wp_ph_de\/wp-content\/gallery\/090921_abbaie_fontfroide\/thumbs\/thumbs_fontfroide_04_1ds_1265.jpg\"\n               data-image-id=\"1567\"\n               data-title=\"fontfroide_04_1ds_1265.jpg\"\n               data-description=\"Innenhof des Klosters\"\n               data-image-slug=\"fontfroide_04_1ds_1265-jpg\"\n               class=\"ngg-fancybox\" rel=\"037e2e993128da249461fe13af557118\">\n                <img\n                    title=\"fontfroide_04_1ds_1265.jpg\"\n                    alt=\"fontfroide_04_1ds_1265.jpg\"\n                    src=\"http:\/\/pacifichigh.de\/wp_ph_de\/wp-content\/gallery\/090921_abbaie_fontfroide\/thumbs\/thumbs_fontfroide_04_1ds_1265.jpg\"\n                    width=\"150\"\n                    height=\"100\"\n                    style=\"max-width:100%;\"\n                \/>\n            <\/a>\n        <\/div>\n\t\t\t\t\t\t\t<\/div> \n\t\t\t\n        \n\t\t\t\t<div id=\"ngg-image-3\" class=\"ngg-gallery-thumbnail-box\" >\n\t\t\t\t        <div class=\"ngg-gallery-thumbnail\">\n            <a href=\"http:\/\/pacifichigh.de\/wp_ph_de\/wp-content\/gallery\/090921_abbaie_fontfroide\/fontfroide_05_1ds_1272.jpg\"\n               title=\"Das Refectorium des Klosters: kaum zu glauben, dass hier fr\u00fcher ca. 250 Menschen ihre Malzeiten eingenomen haben\"\n               data-src=\"http:\/\/pacifichigh.de\/wp_ph_de\/wp-content\/gallery\/090921_abbaie_fontfroide\/fontfroide_05_1ds_1272.jpg\"\n               data-thumbnail=\"http:\/\/pacifichigh.de\/wp_ph_de\/wp-content\/gallery\/090921_abbaie_fontfroide\/thumbs\/thumbs_fontfroide_05_1ds_1272.jpg\"\n               data-image-id=\"1568\"\n               data-title=\"fontfroide_05_1ds_1272.jpg\"\n               data-description=\"Das Refectorium des Klosters: kaum zu glauben, dass hier fr\u00fcher ca. 250 Menschen ihre Malzeiten eingenomen haben\"\n               data-image-slug=\"fontfroide_05_1ds_1272-jpg\"\n               class=\"ngg-fancybox\" rel=\"037e2e993128da249461fe13af557118\">\n                <img\n                    title=\"fontfroide_05_1ds_1272.jpg\"\n                    alt=\"fontfroide_05_1ds_1272.jpg\"\n                    src=\"http:\/\/pacifichigh.de\/wp_ph_de\/wp-content\/gallery\/090921_abbaie_fontfroide\/thumbs\/thumbs_fontfroide_05_1ds_1272.jpg\"\n                    width=\"150\"\n                    height=\"100\"\n                    style=\"max-width:100%;\"\n                \/>\n            <\/a>\n        <\/div>\n\t\t\t\t\t\t\t<\/div> \n\t\t\t\n        \n\t\t\t\t<div id=\"ngg-image-4\" class=\"ngg-gallery-thumbnail-box\" >\n\t\t\t\t        <div class=\"ngg-gallery-thumbnail\">\n            <a href=\"http:\/\/pacifichigh.de\/wp_ph_de\/wp-content\/gallery\/090921_abbaie_fontfroide\/fontfroide_06_1ds_1284.jpg\"\n               title=\"Die Zellen der M\u00f6nche, heute zu einem Ausstellungsraum umgewandelt\"\n               data-src=\"http:\/\/pacifichigh.de\/wp_ph_de\/wp-content\/gallery\/090921_abbaie_fontfroide\/fontfroide_06_1ds_1284.jpg\"\n               data-thumbnail=\"http:\/\/pacifichigh.de\/wp_ph_de\/wp-content\/gallery\/090921_abbaie_fontfroide\/thumbs\/thumbs_fontfroide_06_1ds_1284.jpg\"\n               data-image-id=\"1569\"\n               data-title=\"fontfroide_06_1ds_1284.jpg\"\n               data-description=\"Die Zellen der M\u00f6nche, heute zu einem Ausstellungsraum umgewandelt\"\n               data-image-slug=\"fontfroide_06_1ds_1284-jpg\"\n               class=\"ngg-fancybox\" rel=\"037e2e993128da249461fe13af557118\">\n                <img\n                    title=\"fontfroide_06_1ds_1284.jpg\"\n                    alt=\"fontfroide_06_1ds_1284.jpg\"\n                    src=\"http:\/\/pacifichigh.de\/wp_ph_de\/wp-content\/gallery\/090921_abbaie_fontfroide\/thumbs\/thumbs_fontfroide_06_1ds_1284.jpg\"\n                    width=\"150\"\n                    height=\"100\"\n                    style=\"max-width:100%;\"\n                \/>\n            <\/a>\n        <\/div>\n\t\t\t\t\t\t\t<\/div> \n\t\t\t\n        \n\t\t\t\t<div id=\"ngg-image-5\" class=\"ngg-gallery-thumbnail-box\" >\n\t\t\t\t        <div class=\"ngg-gallery-thumbnail\">\n            <a href=\"http:\/\/pacifichigh.de\/wp_ph_de\/wp-content\/gallery\/090921_abbaie_fontfroide\/fontfroide_07_1ds_1288.jpg\"\n               title=\"Der Innenhof mit Blick auf die Kirche\"\n               data-src=\"http:\/\/pacifichigh.de\/wp_ph_de\/wp-content\/gallery\/090921_abbaie_fontfroide\/fontfroide_07_1ds_1288.jpg\"\n               data-thumbnail=\"http:\/\/pacifichigh.de\/wp_ph_de\/wp-content\/gallery\/090921_abbaie_fontfroide\/thumbs\/thumbs_fontfroide_07_1ds_1288.jpg\"\n               data-image-id=\"1570\"\n               data-title=\"fontfroide_07_1ds_1288.jpg\"\n               data-description=\"Der Innenhof mit Blick auf die Kirche\"\n               data-image-slug=\"fontfroide_07_1ds_1288-jpg\"\n               class=\"ngg-fancybox\" rel=\"037e2e993128da249461fe13af557118\">\n                <img\n                    title=\"fontfroide_07_1ds_1288.jpg\"\n                    alt=\"fontfroide_07_1ds_1288.jpg\"\n                    src=\"http:\/\/pacifichigh.de\/wp_ph_de\/wp-content\/gallery\/090921_abbaie_fontfroide\/thumbs\/thumbs_fontfroide_07_1ds_1288.jpg\"\n                    width=\"150\"\n                    height=\"100\"\n                    style=\"max-width:100%;\"\n                \/>\n            <\/a>\n        <\/div>\n\t\t\t\t\t\t\t<\/div> \n\t\t\t\n        \n\t\t\t\t<div id=\"ngg-image-6\" class=\"ngg-gallery-thumbnail-box\" >\n\t\t\t\t        <div class=\"ngg-gallery-thumbnail\">\n            <a href=\"http:\/\/pacifichigh.de\/wp_ph_de\/wp-content\/gallery\/090921_abbaie_fontfroide\/fontfroide_08_1ds_1304.jpg\"\n               title=\"Viele hundert S\u00e4ulen s\u00e4umen die G\u00e4nge des Klosters\"\n               data-src=\"http:\/\/pacifichigh.de\/wp_ph_de\/wp-content\/gallery\/090921_abbaie_fontfroide\/fontfroide_08_1ds_1304.jpg\"\n               data-thumbnail=\"http:\/\/pacifichigh.de\/wp_ph_de\/wp-content\/gallery\/090921_abbaie_fontfroide\/thumbs\/thumbs_fontfroide_08_1ds_1304.jpg\"\n               data-image-id=\"1571\"\n               data-title=\"fontfroide_08_1ds_1304.jpg\"\n               data-description=\"Viele hundert S\u00e4ulen s\u00e4umen die G\u00e4nge des Klosters\"\n               data-image-slug=\"fontfroide_08_1ds_1304-jpg\"\n               class=\"ngg-fancybox\" rel=\"037e2e993128da249461fe13af557118\">\n                <img\n                    title=\"fontfroide_08_1ds_1304.jpg\"\n                    alt=\"fontfroide_08_1ds_1304.jpg\"\n                    src=\"http:\/\/pacifichigh.de\/wp_ph_de\/wp-content\/gallery\/090921_abbaie_fontfroide\/thumbs\/thumbs_fontfroide_08_1ds_1304.jpg\"\n                    width=\"150\"\n                    height=\"100\"\n                    style=\"max-width:100%;\"\n                \/>\n            <\/a>\n        <\/div>\n\t\t\t\t\t\t\t<\/div> \n\t\t\t\n        \n\t\t\t\t<div id=\"ngg-image-7\" class=\"ngg-gallery-thumbnail-box\" >\n\t\t\t\t        <div class=\"ngg-gallery-thumbnail\">\n            <a href=\"http:\/\/pacifichigh.de\/wp_ph_de\/wp-content\/gallery\/090921_abbaie_fontfroide\/fontfroide_09_1ds_1319.jpg\"\n               title=\"Innenansicht der Kirche\"\n               data-src=\"http:\/\/pacifichigh.de\/wp_ph_de\/wp-content\/gallery\/090921_abbaie_fontfroide\/fontfroide_09_1ds_1319.jpg\"\n               data-thumbnail=\"http:\/\/pacifichigh.de\/wp_ph_de\/wp-content\/gallery\/090921_abbaie_fontfroide\/thumbs\/thumbs_fontfroide_09_1ds_1319.jpg\"\n               data-image-id=\"1572\"\n               data-title=\"fontfroide_09_1ds_1319.jpg\"\n               data-description=\"Innenansicht der Kirche\"\n               data-image-slug=\"fontfroide_09_1ds_1319-jpg\"\n               class=\"ngg-fancybox\" rel=\"037e2e993128da249461fe13af557118\">\n                <img\n                    title=\"fontfroide_09_1ds_1319.jpg\"\n                    alt=\"fontfroide_09_1ds_1319.jpg\"\n                    src=\"http:\/\/pacifichigh.de\/wp_ph_de\/wp-content\/gallery\/090921_abbaie_fontfroide\/thumbs\/thumbs_fontfroide_09_1ds_1319.jpg\"\n                    width=\"150\"\n                    height=\"100\"\n                    style=\"max-width:100%;\"\n                \/>\n            <\/a>\n        <\/div>\n\t\t\t\t\t\t\t<\/div> \n\t\t\t\n        \n\t\t\t\t<div id=\"ngg-image-8\" class=\"ngg-gallery-thumbnail-box\" >\n\t\t\t\t        <div class=\"ngg-gallery-thumbnail\">\n            <a href=\"http:\/\/pacifichigh.de\/wp_ph_de\/wp-content\/gallery\/090921_abbaie_fontfroide\/fontfroide_10_1ds_1322.jpg\"\n               title=\"Die bunten Glasfenster wurden gr\u00f6\u00dftenteils erst im vergangenen Jahrhundert eingef\u00fcgt\"\n               data-src=\"http:\/\/pacifichigh.de\/wp_ph_de\/wp-content\/gallery\/090921_abbaie_fontfroide\/fontfroide_10_1ds_1322.jpg\"\n               data-thumbnail=\"http:\/\/pacifichigh.de\/wp_ph_de\/wp-content\/gallery\/090921_abbaie_fontfroide\/thumbs\/thumbs_fontfroide_10_1ds_1322.jpg\"\n               data-image-id=\"1573\"\n               data-title=\"fontfroide_10_1ds_1322.jpg\"\n               data-description=\"Die bunten Glasfenster wurden gr\u00f6\u00dftenteils erst im vergangenen Jahrhundert eingef\u00fcgt\"\n               data-image-slug=\"fontfroide_10_1ds_1322-jpg\"\n               class=\"ngg-fancybox\" rel=\"037e2e993128da249461fe13af557118\">\n                <img\n                    title=\"fontfroide_10_1ds_1322.jpg\"\n                    alt=\"fontfroide_10_1ds_1322.jpg\"\n                    src=\"http:\/\/pacifichigh.de\/wp_ph_de\/wp-content\/gallery\/090921_abbaie_fontfroide\/thumbs\/thumbs_fontfroide_10_1ds_1322.jpg\"\n                    width=\"150\"\n                    height=\"100\"\n                    style=\"max-width:100%;\"\n                \/>\n            <\/a>\n        <\/div>\n\t\t\t\t\t\t\t<\/div> \n\t\t\t\n        \n\t\t\t\t<div id=\"ngg-image-9\" class=\"ngg-gallery-thumbnail-box\" >\n\t\t\t\t        <div class=\"ngg-gallery-thumbnail\">\n            <a href=\"http:\/\/pacifichigh.de\/wp_ph_de\/wp-content\/gallery\/090921_abbaie_fontfroide\/fontfroide_11_1ds_1327.jpg\"\n               title=\"Gut zu erkenne sind die streng geometrischen Formen des Klosters\"\n               data-src=\"http:\/\/pacifichigh.de\/wp_ph_de\/wp-content\/gallery\/090921_abbaie_fontfroide\/fontfroide_11_1ds_1327.jpg\"\n               data-thumbnail=\"http:\/\/pacifichigh.de\/wp_ph_de\/wp-content\/gallery\/090921_abbaie_fontfroide\/thumbs\/thumbs_fontfroide_11_1ds_1327.jpg\"\n               data-image-id=\"1574\"\n               data-title=\"fontfroide_11_1ds_1327.jpg\"\n               data-description=\"Gut zu erkenne sind die streng geometrischen Formen des Klosters\"\n               data-image-slug=\"fontfroide_11_1ds_1327-jpg\"\n               class=\"ngg-fancybox\" rel=\"037e2e993128da249461fe13af557118\">\n                <img\n                    title=\"fontfroide_11_1ds_1327.jpg\"\n                    alt=\"fontfroide_11_1ds_1327.jpg\"\n                    src=\"http:\/\/pacifichigh.de\/wp_ph_de\/wp-content\/gallery\/090921_abbaie_fontfroide\/thumbs\/thumbs_fontfroide_11_1ds_1327.jpg\"\n                    width=\"150\"\n                    height=\"100\"\n                    style=\"max-width:100%;\"\n                \/>\n            <\/a>\n        <\/div>\n\t\t\t\t\t\t\t<\/div> \n\t\t\t\n        \n\t\t\t\t<div id=\"ngg-image-10\" class=\"ngg-gallery-thumbnail-box\" >\n\t\t\t\t        <div class=\"ngg-gallery-thumbnail\">\n            <a href=\"http:\/\/pacifichigh.de\/wp_ph_de\/wp-content\/gallery\/090921_abbaie_fontfroide\/fontfroide_12_fontfroide_01_1ds_1338.jpg\"\n               title=\"Viele der Glasarbeiten w\u00fcrden wir heutzutage als \\&quot;Recycling\\&quot; bezeichnen. Es wurde Glasbruchst\u00fccke von Kirchenfenstern verwendet die w\u00e4hrend der ranz\u00f6sischen Revolution zerst\u00f6rt wurden\"\n               data-src=\"http:\/\/pacifichigh.de\/wp_ph_de\/wp-content\/gallery\/090921_abbaie_fontfroide\/fontfroide_12_fontfroide_01_1ds_1338.jpg\"\n               data-thumbnail=\"http:\/\/pacifichigh.de\/wp_ph_de\/wp-content\/gallery\/090921_abbaie_fontfroide\/thumbs\/thumbs_fontfroide_12_fontfroide_01_1ds_1338.jpg\"\n               data-image-id=\"1575\"\n               data-title=\"fontfroide_12_fontfroide_01_1ds_1338.jpg\"\n               data-description=\"Viele der Glasarbeiten w\u00fcrden wir heutzutage als &quot;Recycling&quot; bezeichnen. Es wurde Glasbruchst\u00fccke von Kirchenfenstern verwendet die w\u00e4hrend der ranz\u00f6sischen Revolution zerst\u00f6rt wurden\"\n               data-image-slug=\"fontfroide_12_fontfroide_01_1ds_1338-jpg\"\n               class=\"ngg-fancybox\" rel=\"037e2e993128da249461fe13af557118\">\n                <img\n                    title=\"fontfroide_12_fontfroide_01_1ds_1338.jpg\"\n                    alt=\"fontfroide_12_fontfroide_01_1ds_1338.jpg\"\n                    src=\"http:\/\/pacifichigh.de\/wp_ph_de\/wp-content\/gallery\/090921_abbaie_fontfroide\/thumbs\/thumbs_fontfroide_12_fontfroide_01_1ds_1338.jpg\"\n                    width=\"150\"\n                    height=\"100\"\n                    style=\"max-width:100%;\"\n                \/>\n            <\/a>\n        <\/div>\n\t\t\t\t\t\t\t<\/div> \n\t\t\t\n        \n\t\t\t\t<div id=\"ngg-image-11\" class=\"ngg-gallery-thumbnail-box\" >\n\t\t\t\t        <div class=\"ngg-gallery-thumbnail\">\n            <a href=\"http:\/\/pacifichigh.de\/wp_ph_de\/wp-content\/gallery\/090921_abbaie_fontfroide\/fontfroide_13_1ds_1331.jpg\"\n               title=\"Detail eines solchen Recyclingfensters\"\n               data-src=\"http:\/\/pacifichigh.de\/wp_ph_de\/wp-content\/gallery\/090921_abbaie_fontfroide\/fontfroide_13_1ds_1331.jpg\"\n               data-thumbnail=\"http:\/\/pacifichigh.de\/wp_ph_de\/wp-content\/gallery\/090921_abbaie_fontfroide\/thumbs\/thumbs_fontfroide_13_1ds_1331.jpg\"\n               data-image-id=\"1576\"\n               data-title=\"fontfroide_13_1ds_1331.jpg\"\n               data-description=\"Detail eines solchen Recyclingfensters\"\n               data-image-slug=\"fontfroide_13_1ds_1331-jpg\"\n               class=\"ngg-fancybox\" rel=\"037e2e993128da249461fe13af557118\">\n                <img\n                    title=\"fontfroide_13_1ds_1331.jpg\"\n                    alt=\"fontfroide_13_1ds_1331.jpg\"\n                    src=\"http:\/\/pacifichigh.de\/wp_ph_de\/wp-content\/gallery\/090921_abbaie_fontfroide\/thumbs\/thumbs_fontfroide_13_1ds_1331.jpg\"\n                    width=\"150\"\n                    height=\"100\"\n                    style=\"max-width:100%;\"\n                \/>\n            <\/a>\n        <\/div>\n\t\t\t\t\t\t\t<\/div> \n\t\t\t\n        \n\t\t\n\t\t<!-- Pagination -->\n\t<div class='ngg-clear'><\/div>\t<\/div>\n<br \/>\n<\/span><\/span><!--:--><!--:en--><span style=\"font-size: medium;\">In 1093 is founded in Fontfroide a Benedictine monastery, which adjoins <\/span><span style=\"font-size: medium;\"> the Order of Cistercians in <\/span><span style=\"font-size: medium;\">the occasion of the visit of St. Bernard in the Languedoc in 1145. The construction of the monastery church will begin this year. The pointed arch barrel vault rises to 20 m in height and is an impressive example of the simplicity of Cistercian architecture.<\/span><\/p>\n<p><span style=\"font-size: medium;\">The cloister, as well as the chapter house, is a masterpiece of Romanesque art from the 12th century. The <\/span><span style=\"font-size: medium;\">importance of <\/span><span style=\"font-size: medium;\">FONTFROIDE extends now over the entire region and far to Catalonia. This importance FONTFROIDE hold until the middle of the 14th Jh.unvermindert on. From the monastery two abbots reach the highest offices: Arnaud Nouvel Cardinal, Chancellor of the Church and finally papal legate at the trial of the Templars. Jacques Fournier enters as Pope Benoit XII in history.<br \/>\nIn 1348 the plague reached Frontfroide and didn&#8217;t recovered from the loss of 3 \/ 4 of his monks Fontfroide anymore. The last monks leave Fontfroide 1791. New monastic life arises 1858. The law against religious communities from 1901 finally stoppen monastic life at FONTFROIDE. The last monks to flee to Spain and the plant is left to itself until 1908. In an auction Fontfroide was purchased by a passionate art lovers and so be saved from the ruin. <\/span><\/p>\n<p style=\"text-align: center;\">httpv:\/\/www.youtube.com\/watch?v=QG8r4H5tE78<\/p>\n<p style=\"text-align: justify;\"><span style=\"font-size: medium;\">We both where delighted by the monastery and the surrounding hills with lush green Cypresses and pine forests in the midst of this rather barren and arid landscape. The tour of the monastery was very interesting and instructive because we had the good fortune of a young and enthusiastic guide. Unfortunately, we had no time for a wine tasting&#8230;<\/span><\/p>\n<p style=\"text-align: justify;\"><span style=\"font-size: medium;\"><span style=\"font-family: Arial;\"><!-- index.php -->\n<div\n\tclass=\"ngg-galleryoverview ngg-ajax-pagination-none\"\n\tid=\"ngg-gallery-037e2e993128da249461fe13af557118-1\">\n\n    \t<div class=\"slideshowlink\">\n        <a href='http:\/\/pacifichigh.de\/wp_ph_de\/index.php\/nggallery\/slideshow?p=1950'>[Show slideshow]<\/a>\n\t\t\n\t<\/div>\n\t\t\t<!-- Thumbnails -->\n\t\t\t\t<div id=\"ngg-image-0\" class=\"ngg-gallery-thumbnail-box\" >\n\t\t\t\t        <div class=\"ngg-gallery-thumbnail\">\n            <a href=\"http:\/\/pacifichigh.de\/wp_ph_de\/wp-content\/gallery\/090921_abbaie_fontfroide\/fontfroide_02_1ds_1250.jpg\"\n               title=\"Die \\&quot;Abbaye de Fontfroide\\&quot; liegt am Ende eines Tales eingebettet zwischen Pinien und Zypressen\"\n               data-src=\"http:\/\/pacifichigh.de\/wp_ph_de\/wp-content\/gallery\/090921_abbaie_fontfroide\/fontfroide_02_1ds_1250.jpg\"\n               data-thumbnail=\"http:\/\/pacifichigh.de\/wp_ph_de\/wp-content\/gallery\/090921_abbaie_fontfroide\/thumbs\/thumbs_fontfroide_02_1ds_1250.jpg\"\n               data-image-id=\"1565\"\n               data-title=\"fontfroide_02_1ds_1250.jpg\"\n               data-description=\"Die &quot;Abbaye de Fontfroide&quot; liegt am Ende eines Tales eingebettet zwischen Pinien und Zypressen\"\n               data-image-slug=\"fontfroide_02_1ds_1250-jpg\"\n               class=\"ngg-fancybox\" rel=\"037e2e993128da249461fe13af557118\">\n                <img\n                    title=\"fontfroide_02_1ds_1250.jpg\"\n                    alt=\"fontfroide_02_1ds_1250.jpg\"\n                    src=\"http:\/\/pacifichigh.de\/wp_ph_de\/wp-content\/gallery\/090921_abbaie_fontfroide\/thumbs\/thumbs_fontfroide_02_1ds_1250.jpg\"\n                    width=\"150\"\n                    height=\"100\"\n                    style=\"max-width:100%;\"\n                \/>\n            <\/a>\n        <\/div>\n\t\t\t\t\t\t\t<\/div> \n\t\t\t\n        \n\t\t\t\t<div id=\"ngg-image-1\" class=\"ngg-gallery-thumbnail-box\" >\n\t\t\t\t        <div class=\"ngg-gallery-thumbnail\">\n            <a href=\"http:\/\/pacifichigh.de\/wp_ph_de\/wp-content\/gallery\/090921_abbaie_fontfroide\/fontfroide_03_1ds_1245.jpg\"\n               title=\"\"\n               data-src=\"http:\/\/pacifichigh.de\/wp_ph_de\/wp-content\/gallery\/090921_abbaie_fontfroide\/fontfroide_03_1ds_1245.jpg\"\n               data-thumbnail=\"http:\/\/pacifichigh.de\/wp_ph_de\/wp-content\/gallery\/090921_abbaie_fontfroide\/thumbs\/thumbs_fontfroide_03_1ds_1245.jpg\"\n               data-image-id=\"1566\"\n               data-title=\"fontfroide_03_1ds_1245.jpg\"\n               data-description=\"\"\n               data-image-slug=\"fontfroide_03_1ds_1245-jpg\"\n               class=\"ngg-fancybox\" rel=\"037e2e993128da249461fe13af557118\">\n                <img\n                    title=\"fontfroide_03_1ds_1245.jpg\"\n                    alt=\"fontfroide_03_1ds_1245.jpg\"\n                    src=\"http:\/\/pacifichigh.de\/wp_ph_de\/wp-content\/gallery\/090921_abbaie_fontfroide\/thumbs\/thumbs_fontfroide_03_1ds_1245.jpg\"\n                    width=\"150\"\n                    height=\"100\"\n                    style=\"max-width:100%;\"\n                \/>\n            <\/a>\n        <\/div>\n\t\t\t\t\t\t\t<\/div> \n\t\t\t\n        \n\t\t\t\t<div id=\"ngg-image-2\" class=\"ngg-gallery-thumbnail-box\" >\n\t\t\t\t        <div class=\"ngg-gallery-thumbnail\">\n            <a href=\"http:\/\/pacifichigh.de\/wp_ph_de\/wp-content\/gallery\/090921_abbaie_fontfroide\/fontfroide_04_1ds_1265.jpg\"\n               title=\"Innenhof des Klosters\"\n               data-src=\"http:\/\/pacifichigh.de\/wp_ph_de\/wp-content\/gallery\/090921_abbaie_fontfroide\/fontfroide_04_1ds_1265.jpg\"\n               data-thumbnail=\"http:\/\/pacifichigh.de\/wp_ph_de\/wp-content\/gallery\/090921_abbaie_fontfroide\/thumbs\/thumbs_fontfroide_04_1ds_1265.jpg\"\n               data-image-id=\"1567\"\n               data-title=\"fontfroide_04_1ds_1265.jpg\"\n               data-description=\"Innenhof des Klosters\"\n               data-image-slug=\"fontfroide_04_1ds_1265-jpg\"\n               class=\"ngg-fancybox\" rel=\"037e2e993128da249461fe13af557118\">\n                <img\n                    title=\"fontfroide_04_1ds_1265.jpg\"\n                    alt=\"fontfroide_04_1ds_1265.jpg\"\n                    src=\"http:\/\/pacifichigh.de\/wp_ph_de\/wp-content\/gallery\/090921_abbaie_fontfroide\/thumbs\/thumbs_fontfroide_04_1ds_1265.jpg\"\n                    width=\"150\"\n                    height=\"100\"\n                    style=\"max-width:100%;\"\n                \/>\n            <\/a>\n        <\/div>\n\t\t\t\t\t\t\t<\/div> \n\t\t\t\n        \n\t\t\t\t<div id=\"ngg-image-3\" class=\"ngg-gallery-thumbnail-box\" >\n\t\t\t\t        <div class=\"ngg-gallery-thumbnail\">\n            <a href=\"http:\/\/pacifichigh.de\/wp_ph_de\/wp-content\/gallery\/090921_abbaie_fontfroide\/fontfroide_05_1ds_1272.jpg\"\n               title=\"Das Refectorium des Klosters: kaum zu glauben, dass hier fr\u00fcher ca. 250 Menschen ihre Malzeiten eingenomen haben\"\n               data-src=\"http:\/\/pacifichigh.de\/wp_ph_de\/wp-content\/gallery\/090921_abbaie_fontfroide\/fontfroide_05_1ds_1272.jpg\"\n               data-thumbnail=\"http:\/\/pacifichigh.de\/wp_ph_de\/wp-content\/gallery\/090921_abbaie_fontfroide\/thumbs\/thumbs_fontfroide_05_1ds_1272.jpg\"\n               data-image-id=\"1568\"\n               data-title=\"fontfroide_05_1ds_1272.jpg\"\n               data-description=\"Das Refectorium des Klosters: kaum zu glauben, dass hier fr\u00fcher ca. 250 Menschen ihre Malzeiten eingenomen haben\"\n               data-image-slug=\"fontfroide_05_1ds_1272-jpg\"\n               class=\"ngg-fancybox\" rel=\"037e2e993128da249461fe13af557118\">\n                <img\n                    title=\"fontfroide_05_1ds_1272.jpg\"\n                    alt=\"fontfroide_05_1ds_1272.jpg\"\n                    src=\"http:\/\/pacifichigh.de\/wp_ph_de\/wp-content\/gallery\/090921_abbaie_fontfroide\/thumbs\/thumbs_fontfroide_05_1ds_1272.jpg\"\n                    width=\"150\"\n                    height=\"100\"\n                    style=\"max-width:100%;\"\n                \/>\n            <\/a>\n        <\/div>\n\t\t\t\t\t\t\t<\/div> \n\t\t\t\n        \n\t\t\t\t<div id=\"ngg-image-4\" class=\"ngg-gallery-thumbnail-box\" >\n\t\t\t\t        <div class=\"ngg-gallery-thumbnail\">\n            <a href=\"http:\/\/pacifichigh.de\/wp_ph_de\/wp-content\/gallery\/090921_abbaie_fontfroide\/fontfroide_06_1ds_1284.jpg\"\n               title=\"Die Zellen der M\u00f6nche, heute zu einem Ausstellungsraum umgewandelt\"\n               data-src=\"http:\/\/pacifichigh.de\/wp_ph_de\/wp-content\/gallery\/090921_abbaie_fontfroide\/fontfroide_06_1ds_1284.jpg\"\n               data-thumbnail=\"http:\/\/pacifichigh.de\/wp_ph_de\/wp-content\/gallery\/090921_abbaie_fontfroide\/thumbs\/thumbs_fontfroide_06_1ds_1284.jpg\"\n               data-image-id=\"1569\"\n               data-title=\"fontfroide_06_1ds_1284.jpg\"\n               data-description=\"Die Zellen der M\u00f6nche, heute zu einem Ausstellungsraum umgewandelt\"\n               data-image-slug=\"fontfroide_06_1ds_1284-jpg\"\n               class=\"ngg-fancybox\" rel=\"037e2e993128da249461fe13af557118\">\n                <img\n                    title=\"fontfroide_06_1ds_1284.jpg\"\n                    alt=\"fontfroide_06_1ds_1284.jpg\"\n                    src=\"http:\/\/pacifichigh.de\/wp_ph_de\/wp-content\/gallery\/090921_abbaie_fontfroide\/thumbs\/thumbs_fontfroide_06_1ds_1284.jpg\"\n                    width=\"150\"\n                    height=\"100\"\n                    style=\"max-width:100%;\"\n                \/>\n            <\/a>\n        <\/div>\n\t\t\t\t\t\t\t<\/div> \n\t\t\t\n        \n\t\t\t\t<div id=\"ngg-image-5\" class=\"ngg-gallery-thumbnail-box\" >\n\t\t\t\t        <div class=\"ngg-gallery-thumbnail\">\n            <a href=\"http:\/\/pacifichigh.de\/wp_ph_de\/wp-content\/gallery\/090921_abbaie_fontfroide\/fontfroide_07_1ds_1288.jpg\"\n               title=\"Der Innenhof mit Blick auf die Kirche\"\n               data-src=\"http:\/\/pacifichigh.de\/wp_ph_de\/wp-content\/gallery\/090921_abbaie_fontfroide\/fontfroide_07_1ds_1288.jpg\"\n               data-thumbnail=\"http:\/\/pacifichigh.de\/wp_ph_de\/wp-content\/gallery\/090921_abbaie_fontfroide\/thumbs\/thumbs_fontfroide_07_1ds_1288.jpg\"\n               data-image-id=\"1570\"\n               data-title=\"fontfroide_07_1ds_1288.jpg\"\n               data-description=\"Der Innenhof mit Blick auf die Kirche\"\n               data-image-slug=\"fontfroide_07_1ds_1288-jpg\"\n               class=\"ngg-fancybox\" rel=\"037e2e993128da249461fe13af557118\">\n                <img\n                    title=\"fontfroide_07_1ds_1288.jpg\"\n                    alt=\"fontfroide_07_1ds_1288.jpg\"\n                    src=\"http:\/\/pacifichigh.de\/wp_ph_de\/wp-content\/gallery\/090921_abbaie_fontfroide\/thumbs\/thumbs_fontfroide_07_1ds_1288.jpg\"\n                    width=\"150\"\n                    height=\"100\"\n                    style=\"max-width:100%;\"\n                \/>\n            <\/a>\n        <\/div>\n\t\t\t\t\t\t\t<\/div> \n\t\t\t\n        \n\t\t\t\t<div id=\"ngg-image-6\" class=\"ngg-gallery-thumbnail-box\" >\n\t\t\t\t        <div class=\"ngg-gallery-thumbnail\">\n            <a href=\"http:\/\/pacifichigh.de\/wp_ph_de\/wp-content\/gallery\/090921_abbaie_fontfroide\/fontfroide_08_1ds_1304.jpg\"\n               title=\"Viele hundert S\u00e4ulen s\u00e4umen die G\u00e4nge des Klosters\"\n               data-src=\"http:\/\/pacifichigh.de\/wp_ph_de\/wp-content\/gallery\/090921_abbaie_fontfroide\/fontfroide_08_1ds_1304.jpg\"\n               data-thumbnail=\"http:\/\/pacifichigh.de\/wp_ph_de\/wp-content\/gallery\/090921_abbaie_fontfroide\/thumbs\/thumbs_fontfroide_08_1ds_1304.jpg\"\n               data-image-id=\"1571\"\n               data-title=\"fontfroide_08_1ds_1304.jpg\"\n               data-description=\"Viele hundert S\u00e4ulen s\u00e4umen die G\u00e4nge des Klosters\"\n               data-image-slug=\"fontfroide_08_1ds_1304-jpg\"\n               class=\"ngg-fancybox\" rel=\"037e2e993128da249461fe13af557118\">\n                <img\n                    title=\"fontfroide_08_1ds_1304.jpg\"\n                    alt=\"fontfroide_08_1ds_1304.jpg\"\n                    src=\"http:\/\/pacifichigh.de\/wp_ph_de\/wp-content\/gallery\/090921_abbaie_fontfroide\/thumbs\/thumbs_fontfroide_08_1ds_1304.jpg\"\n                    width=\"150\"\n                    height=\"100\"\n                    style=\"max-width:100%;\"\n                \/>\n            <\/a>\n        <\/div>\n\t\t\t\t\t\t\t<\/div> \n\t\t\t\n        \n\t\t\t\t<div id=\"ngg-image-7\" class=\"ngg-gallery-thumbnail-box\" >\n\t\t\t\t        <div class=\"ngg-gallery-thumbnail\">\n            <a href=\"http:\/\/pacifichigh.de\/wp_ph_de\/wp-content\/gallery\/090921_abbaie_fontfroide\/fontfroide_09_1ds_1319.jpg\"\n               title=\"Innenansicht der Kirche\"\n               data-src=\"http:\/\/pacifichigh.de\/wp_ph_de\/wp-content\/gallery\/090921_abbaie_fontfroide\/fontfroide_09_1ds_1319.jpg\"\n               data-thumbnail=\"http:\/\/pacifichigh.de\/wp_ph_de\/wp-content\/gallery\/090921_abbaie_fontfroide\/thumbs\/thumbs_fontfroide_09_1ds_1319.jpg\"\n               data-image-id=\"1572\"\n               data-title=\"fontfroide_09_1ds_1319.jpg\"\n               data-description=\"Innenansicht der Kirche\"\n               data-image-slug=\"fontfroide_09_1ds_1319-jpg\"\n               class=\"ngg-fancybox\" rel=\"037e2e993128da249461fe13af557118\">\n                <img\n                    title=\"fontfroide_09_1ds_1319.jpg\"\n                    alt=\"fontfroide_09_1ds_1319.jpg\"\n                    src=\"http:\/\/pacifichigh.de\/wp_ph_de\/wp-content\/gallery\/090921_abbaie_fontfroide\/thumbs\/thumbs_fontfroide_09_1ds_1319.jpg\"\n                    width=\"150\"\n                    height=\"100\"\n                    style=\"max-width:100%;\"\n                \/>\n            <\/a>\n        <\/div>\n\t\t\t\t\t\t\t<\/div> \n\t\t\t\n        \n\t\t\t\t<div id=\"ngg-image-8\" class=\"ngg-gallery-thumbnail-box\" >\n\t\t\t\t        <div class=\"ngg-gallery-thumbnail\">\n            <a href=\"http:\/\/pacifichigh.de\/wp_ph_de\/wp-content\/gallery\/090921_abbaie_fontfroide\/fontfroide_10_1ds_1322.jpg\"\n               title=\"Die bunten Glasfenster wurden gr\u00f6\u00dftenteils erst im vergangenen Jahrhundert eingef\u00fcgt\"\n               data-src=\"http:\/\/pacifichigh.de\/wp_ph_de\/wp-content\/gallery\/090921_abbaie_fontfroide\/fontfroide_10_1ds_1322.jpg\"\n               data-thumbnail=\"http:\/\/pacifichigh.de\/wp_ph_de\/wp-content\/gallery\/090921_abbaie_fontfroide\/thumbs\/thumbs_fontfroide_10_1ds_1322.jpg\"\n               data-image-id=\"1573\"\n               data-title=\"fontfroide_10_1ds_1322.jpg\"\n               data-description=\"Die bunten Glasfenster wurden gr\u00f6\u00dftenteils erst im vergangenen Jahrhundert eingef\u00fcgt\"\n               data-image-slug=\"fontfroide_10_1ds_1322-jpg\"\n               class=\"ngg-fancybox\" rel=\"037e2e993128da249461fe13af557118\">\n                <img\n                    title=\"fontfroide_10_1ds_1322.jpg\"\n                    alt=\"fontfroide_10_1ds_1322.jpg\"\n                    src=\"http:\/\/pacifichigh.de\/wp_ph_de\/wp-content\/gallery\/090921_abbaie_fontfroide\/thumbs\/thumbs_fontfroide_10_1ds_1322.jpg\"\n                    width=\"150\"\n                    height=\"100\"\n                    style=\"max-width:100%;\"\n                \/>\n            <\/a>\n        <\/div>\n\t\t\t\t\t\t\t<\/div> \n\t\t\t\n        \n\t\t\t\t<div id=\"ngg-image-9\" class=\"ngg-gallery-thumbnail-box\" >\n\t\t\t\t        <div class=\"ngg-gallery-thumbnail\">\n            <a href=\"http:\/\/pacifichigh.de\/wp_ph_de\/wp-content\/gallery\/090921_abbaie_fontfroide\/fontfroide_11_1ds_1327.jpg\"\n               title=\"Gut zu erkenne sind die streng geometrischen Formen des Klosters\"\n               data-src=\"http:\/\/pacifichigh.de\/wp_ph_de\/wp-content\/gallery\/090921_abbaie_fontfroide\/fontfroide_11_1ds_1327.jpg\"\n               data-thumbnail=\"http:\/\/pacifichigh.de\/wp_ph_de\/wp-content\/gallery\/090921_abbaie_fontfroide\/thumbs\/thumbs_fontfroide_11_1ds_1327.jpg\"\n               data-image-id=\"1574\"\n               data-title=\"fontfroide_11_1ds_1327.jpg\"\n               data-description=\"Gut zu erkenne sind die streng geometrischen Formen des Klosters\"\n               data-image-slug=\"fontfroide_11_1ds_1327-jpg\"\n               class=\"ngg-fancybox\" rel=\"037e2e993128da249461fe13af557118\">\n                <img\n                    title=\"fontfroide_11_1ds_1327.jpg\"\n                    alt=\"fontfroide_11_1ds_1327.jpg\"\n                    src=\"http:\/\/pacifichigh.de\/wp_ph_de\/wp-content\/gallery\/090921_abbaie_fontfroide\/thumbs\/thumbs_fontfroide_11_1ds_1327.jpg\"\n                    width=\"150\"\n                    height=\"100\"\n                    style=\"max-width:100%;\"\n                \/>\n            <\/a>\n        <\/div>\n\t\t\t\t\t\t\t<\/div> \n\t\t\t\n        \n\t\t\t\t<div id=\"ngg-image-10\" class=\"ngg-gallery-thumbnail-box\" >\n\t\t\t\t        <div class=\"ngg-gallery-thumbnail\">\n            <a href=\"http:\/\/pacifichigh.de\/wp_ph_de\/wp-content\/gallery\/090921_abbaie_fontfroide\/fontfroide_12_fontfroide_01_1ds_1338.jpg\"\n               title=\"Viele der Glasarbeiten w\u00fcrden wir heutzutage als \\&quot;Recycling\\&quot; bezeichnen. Es wurde Glasbruchst\u00fccke von Kirchenfenstern verwendet die w\u00e4hrend der ranz\u00f6sischen Revolution zerst\u00f6rt wurden\"\n               data-src=\"http:\/\/pacifichigh.de\/wp_ph_de\/wp-content\/gallery\/090921_abbaie_fontfroide\/fontfroide_12_fontfroide_01_1ds_1338.jpg\"\n               data-thumbnail=\"http:\/\/pacifichigh.de\/wp_ph_de\/wp-content\/gallery\/090921_abbaie_fontfroide\/thumbs\/thumbs_fontfroide_12_fontfroide_01_1ds_1338.jpg\"\n               data-image-id=\"1575\"\n               data-title=\"fontfroide_12_fontfroide_01_1ds_1338.jpg\"\n               data-description=\"Viele der Glasarbeiten w\u00fcrden wir heutzutage als &quot;Recycling&quot; bezeichnen. Es wurde Glasbruchst\u00fccke von Kirchenfenstern verwendet die w\u00e4hrend der ranz\u00f6sischen Revolution zerst\u00f6rt wurden\"\n               data-image-slug=\"fontfroide_12_fontfroide_01_1ds_1338-jpg\"\n               class=\"ngg-fancybox\" rel=\"037e2e993128da249461fe13af557118\">\n                <img\n                    title=\"fontfroide_12_fontfroide_01_1ds_1338.jpg\"\n                    alt=\"fontfroide_12_fontfroide_01_1ds_1338.jpg\"\n                    src=\"http:\/\/pacifichigh.de\/wp_ph_de\/wp-content\/gallery\/090921_abbaie_fontfroide\/thumbs\/thumbs_fontfroide_12_fontfroide_01_1ds_1338.jpg\"\n                    width=\"150\"\n                    height=\"100\"\n                    style=\"max-width:100%;\"\n                \/>\n            <\/a>\n        <\/div>\n\t\t\t\t\t\t\t<\/div> \n\t\t\t\n        \n\t\t\t\t<div id=\"ngg-image-11\" class=\"ngg-gallery-thumbnail-box\" >\n\t\t\t\t        <div class=\"ngg-gallery-thumbnail\">\n            <a href=\"http:\/\/pacifichigh.de\/wp_ph_de\/wp-content\/gallery\/090921_abbaie_fontfroide\/fontfroide_13_1ds_1331.jpg\"\n               title=\"Detail eines solchen Recyclingfensters\"\n               data-src=\"http:\/\/pacifichigh.de\/wp_ph_de\/wp-content\/gallery\/090921_abbaie_fontfroide\/fontfroide_13_1ds_1331.jpg\"\n               data-thumbnail=\"http:\/\/pacifichigh.de\/wp_ph_de\/wp-content\/gallery\/090921_abbaie_fontfroide\/thumbs\/thumbs_fontfroide_13_1ds_1331.jpg\"\n               data-image-id=\"1576\"\n               data-title=\"fontfroide_13_1ds_1331.jpg\"\n               data-description=\"Detail eines solchen Recyclingfensters\"\n               data-image-slug=\"fontfroide_13_1ds_1331-jpg\"\n               class=\"ngg-fancybox\" rel=\"037e2e993128da249461fe13af557118\">\n                <img\n                    title=\"fontfroide_13_1ds_1331.jpg\"\n                    alt=\"fontfroide_13_1ds_1331.jpg\"\n                    src=\"http:\/\/pacifichigh.de\/wp_ph_de\/wp-content\/gallery\/090921_abbaie_fontfroide\/thumbs\/thumbs_fontfroide_13_1ds_1331.jpg\"\n                    width=\"150\"\n                    height=\"100\"\n                    style=\"max-width:100%;\"\n                \/>\n            <\/a>\n        <\/div>\n\t\t\t\t\t\t\t<\/div> \n\t\t\t\n        \n\t\t\n\t\t<!-- Pagination -->\n\t<div class='ngg-clear'><\/div>\t<\/div>\n<\/span><\/span><!--:--><!--:fr--><span style=\"font-size: medium;\">En 1093 est fond\u00e9e \u00e0 Fontfroide un monast\u00e8re b\u00e9n\u00e9dictin, qui \u00e1 l&#8217;occasion de la visite du Saint-Bernard dans le Languedoc en 1145 entre dans l&#8217;Ordre des Cisterciens. La construction de l&#8217;\u00e9glise du monast\u00e8re d\u00e9buteront cette ann\u00e9e. La vo\u00fbte en ogive baril monte \u00e0 20 m de hauteur et est un exemple impressionnant de la simplicit\u00e9 de l&#8217;architecture cistercienne.<\/span><\/p>\n<p><span style=\"font-size: medium;\">Le clo\u00eetre ainsi que la salle capitulaire est un chef-d&#8217;\u0153uvre de l&#8217;art roman du 12\u00e8me si\u00e8cle. L&#8217; importance de FONTFROIDE s&#8217;\u00e9tend d\u00e9sormais \u00e0 toute la r\u00e9gion et loin \u00e0 la Catalogne. Cette importance FONTFROIDE peut tenir jusqu&#8217;au milieu du 14e Jsiecle. Du monast\u00e8re deux abb\u00e9s atteindre les plus hautes fonctions: Arnaud Nouvel cardinal, chancelier de l&#8217;Eglise et l\u00e9gat du pape, enfin lors du proc\u00e8s des Templiers. Jacques Fournier conclut que le pape Beno\u00eet XII de l&#8217;histoire.<br \/>\nEn 1348, la peste atteint Frontfroide et remise de la perte de 3 \/ 4 de ses moines. Les derniers moines cong\u00e9 Fontfroide 1791. Nouvelle vie monastique se pose 1858. La loi contre les communaut\u00e9s religieuses de 1901 pose fin \u00e0 la vie monastique. Les derniers moines doivait fuir vers l&#8217;Espagne et la plante est laiss\u00e9e \u00e0 elle-m\u00eame jusqu&#8217;en 1908. Dans les ench\u00e8res \u00e0 Fontfroide est achet\u00e9 par un amoureux de l&#8217;art passionn\u00e9e et ainsi sauv\u00e9e de la ruine.<\/span><\/p>\n<p style=\"text-align: center;\">httpv:\/\/www.youtube.com\/watch?v=QG8r4H5tE78<\/p>\n<p style=\"text-align: justify;\"><span style=\"font-size: medium;\">Il \u00e9tait un grand plaisir pour nous de visiter le monast\u00e8re et les collines environnantes avec ces cypresses vertes et luxuriantes for\u00eats de pins, au milieu de ce paysage plut\u00f4t aride et aride. La visite du monast\u00e8re a \u00e9t\u00e9 tr\u00e8s int\u00e9ressante et instructive, car nous avons eu la bonne fortune d&#8217;un jeune guide enthousiastique. Malheureusement, nous n&#8217;avions pas de temps alors pour go\u00fbter les vins du monastaire!<\/span><\/p>\n<p style=\"text-align: justify;\"><span style=\"font-size: medium;\"><span style=\"font-family: Arial;\"><!-- index.php -->\n<div\n\tclass=\"ngg-galleryoverview ngg-ajax-pagination-none\"\n\tid=\"ngg-gallery-037e2e993128da249461fe13af557118-1\">\n\n    \t<div class=\"slideshowlink\">\n        <a href='http:\/\/pacifichigh.de\/wp_ph_de\/index.php\/nggallery\/slideshow?p=1950'>[Show slideshow]<\/a>\n\t\t\n\t<\/div>\n\t\t\t<!-- Thumbnails -->\n\t\t\t\t<div id=\"ngg-image-0\" class=\"ngg-gallery-thumbnail-box\" >\n\t\t\t\t        <div class=\"ngg-gallery-thumbnail\">\n            <a href=\"http:\/\/pacifichigh.de\/wp_ph_de\/wp-content\/gallery\/090921_abbaie_fontfroide\/fontfroide_02_1ds_1250.jpg\"\n               title=\"Die \\&quot;Abbaye de Fontfroide\\&quot; liegt am Ende eines Tales eingebettet zwischen Pinien und Zypressen\"\n               data-src=\"http:\/\/pacifichigh.de\/wp_ph_de\/wp-content\/gallery\/090921_abbaie_fontfroide\/fontfroide_02_1ds_1250.jpg\"\n               data-thumbnail=\"http:\/\/pacifichigh.de\/wp_ph_de\/wp-content\/gallery\/090921_abbaie_fontfroide\/thumbs\/thumbs_fontfroide_02_1ds_1250.jpg\"\n               data-image-id=\"1565\"\n               data-title=\"fontfroide_02_1ds_1250.jpg\"\n               data-description=\"Die &quot;Abbaye de Fontfroide&quot; liegt am Ende eines Tales eingebettet zwischen Pinien und Zypressen\"\n               data-image-slug=\"fontfroide_02_1ds_1250-jpg\"\n               class=\"ngg-fancybox\" rel=\"037e2e993128da249461fe13af557118\">\n                <img\n                    title=\"fontfroide_02_1ds_1250.jpg\"\n                    alt=\"fontfroide_02_1ds_1250.jpg\"\n                    src=\"http:\/\/pacifichigh.de\/wp_ph_de\/wp-content\/gallery\/090921_abbaie_fontfroide\/thumbs\/thumbs_fontfroide_02_1ds_1250.jpg\"\n                    width=\"150\"\n                    height=\"100\"\n                    style=\"max-width:100%;\"\n                \/>\n            <\/a>\n        <\/div>\n\t\t\t\t\t\t\t<\/div> \n\t\t\t\n        \n\t\t\t\t<div id=\"ngg-image-1\" class=\"ngg-gallery-thumbnail-box\" >\n\t\t\t\t        <div class=\"ngg-gallery-thumbnail\">\n            <a href=\"http:\/\/pacifichigh.de\/wp_ph_de\/wp-content\/gallery\/090921_abbaie_fontfroide\/fontfroide_03_1ds_1245.jpg\"\n               title=\"\"\n               data-src=\"http:\/\/pacifichigh.de\/wp_ph_de\/wp-content\/gallery\/090921_abbaie_fontfroide\/fontfroide_03_1ds_1245.jpg\"\n               data-thumbnail=\"http:\/\/pacifichigh.de\/wp_ph_de\/wp-content\/gallery\/090921_abbaie_fontfroide\/thumbs\/thumbs_fontfroide_03_1ds_1245.jpg\"\n               data-image-id=\"1566\"\n               data-title=\"fontfroide_03_1ds_1245.jpg\"\n               data-description=\"\"\n               data-image-slug=\"fontfroide_03_1ds_1245-jpg\"\n               class=\"ngg-fancybox\" rel=\"037e2e993128da249461fe13af557118\">\n                <img\n                    title=\"fontfroide_03_1ds_1245.jpg\"\n                    alt=\"fontfroide_03_1ds_1245.jpg\"\n                    src=\"http:\/\/pacifichigh.de\/wp_ph_de\/wp-content\/gallery\/090921_abbaie_fontfroide\/thumbs\/thumbs_fontfroide_03_1ds_1245.jpg\"\n                    width=\"150\"\n                    height=\"100\"\n                    style=\"max-width:100%;\"\n                \/>\n            <\/a>\n        <\/div>\n\t\t\t\t\t\t\t<\/div> \n\t\t\t\n        \n\t\t\t\t<div id=\"ngg-image-2\" class=\"ngg-gallery-thumbnail-box\" >\n\t\t\t\t        <div class=\"ngg-gallery-thumbnail\">\n            <a href=\"http:\/\/pacifichigh.de\/wp_ph_de\/wp-content\/gallery\/090921_abbaie_fontfroide\/fontfroide_04_1ds_1265.jpg\"\n               title=\"Innenhof des Klosters\"\n               data-src=\"http:\/\/pacifichigh.de\/wp_ph_de\/wp-content\/gallery\/090921_abbaie_fontfroide\/fontfroide_04_1ds_1265.jpg\"\n               data-thumbnail=\"http:\/\/pacifichigh.de\/wp_ph_de\/wp-content\/gallery\/090921_abbaie_fontfroide\/thumbs\/thumbs_fontfroide_04_1ds_1265.jpg\"\n               data-image-id=\"1567\"\n               data-title=\"fontfroide_04_1ds_1265.jpg\"\n               data-description=\"Innenhof des Klosters\"\n               data-image-slug=\"fontfroide_04_1ds_1265-jpg\"\n               class=\"ngg-fancybox\" rel=\"037e2e993128da249461fe13af557118\">\n                <img\n                    title=\"fontfroide_04_1ds_1265.jpg\"\n                    alt=\"fontfroide_04_1ds_1265.jpg\"\n                    src=\"http:\/\/pacifichigh.de\/wp_ph_de\/wp-content\/gallery\/090921_abbaie_fontfroide\/thumbs\/thumbs_fontfroide_04_1ds_1265.jpg\"\n                    width=\"150\"\n                    height=\"100\"\n                    style=\"max-width:100%;\"\n                \/>\n            <\/a>\n        <\/div>\n\t\t\t\t\t\t\t<\/div> \n\t\t\t\n        \n\t\t\t\t<div id=\"ngg-image-3\" class=\"ngg-gallery-thumbnail-box\" >\n\t\t\t\t        <div class=\"ngg-gallery-thumbnail\">\n            <a href=\"http:\/\/pacifichigh.de\/wp_ph_de\/wp-content\/gallery\/090921_abbaie_fontfroide\/fontfroide_05_1ds_1272.jpg\"\n               title=\"Das Refectorium des Klosters: kaum zu glauben, dass hier fr\u00fcher ca. 250 Menschen ihre Malzeiten eingenomen haben\"\n               data-src=\"http:\/\/pacifichigh.de\/wp_ph_de\/wp-content\/gallery\/090921_abbaie_fontfroide\/fontfroide_05_1ds_1272.jpg\"\n               data-thumbnail=\"http:\/\/pacifichigh.de\/wp_ph_de\/wp-content\/gallery\/090921_abbaie_fontfroide\/thumbs\/thumbs_fontfroide_05_1ds_1272.jpg\"\n               data-image-id=\"1568\"\n               data-title=\"fontfroide_05_1ds_1272.jpg\"\n               data-description=\"Das Refectorium des Klosters: kaum zu glauben, dass hier fr\u00fcher ca. 250 Menschen ihre Malzeiten eingenomen haben\"\n               data-image-slug=\"fontfroide_05_1ds_1272-jpg\"\n               class=\"ngg-fancybox\" rel=\"037e2e993128da249461fe13af557118\">\n                <img\n                    title=\"fontfroide_05_1ds_1272.jpg\"\n                    alt=\"fontfroide_05_1ds_1272.jpg\"\n                    src=\"http:\/\/pacifichigh.de\/wp_ph_de\/wp-content\/gallery\/090921_abbaie_fontfroide\/thumbs\/thumbs_fontfroide_05_1ds_1272.jpg\"\n                    width=\"150\"\n                    height=\"100\"\n                    style=\"max-width:100%;\"\n                \/>\n            <\/a>\n        <\/div>\n\t\t\t\t\t\t\t<\/div> \n\t\t\t\n        \n\t\t\t\t<div id=\"ngg-image-4\" class=\"ngg-gallery-thumbnail-box\" >\n\t\t\t\t        <div class=\"ngg-gallery-thumbnail\">\n            <a href=\"http:\/\/pacifichigh.de\/wp_ph_de\/wp-content\/gallery\/090921_abbaie_fontfroide\/fontfroide_06_1ds_1284.jpg\"\n               title=\"Die Zellen der M\u00f6nche, heute zu einem Ausstellungsraum umgewandelt\"\n               data-src=\"http:\/\/pacifichigh.de\/wp_ph_de\/wp-content\/gallery\/090921_abbaie_fontfroide\/fontfroide_06_1ds_1284.jpg\"\n               data-thumbnail=\"http:\/\/pacifichigh.de\/wp_ph_de\/wp-content\/gallery\/090921_abbaie_fontfroide\/thumbs\/thumbs_fontfroide_06_1ds_1284.jpg\"\n               data-image-id=\"1569\"\n               data-title=\"fontfroide_06_1ds_1284.jpg\"\n               data-description=\"Die Zellen der M\u00f6nche, heute zu einem Ausstellungsraum umgewandelt\"\n               data-image-slug=\"fontfroide_06_1ds_1284-jpg\"\n               class=\"ngg-fancybox\" rel=\"037e2e993128da249461fe13af557118\">\n                <img\n                    title=\"fontfroide_06_1ds_1284.jpg\"\n                    alt=\"fontfroide_06_1ds_1284.jpg\"\n                    src=\"http:\/\/pacifichigh.de\/wp_ph_de\/wp-content\/gallery\/090921_abbaie_fontfroide\/thumbs\/thumbs_fontfroide_06_1ds_1284.jpg\"\n                    width=\"150\"\n                    height=\"100\"\n                    style=\"max-width:100%;\"\n                \/>\n            <\/a>\n        <\/div>\n\t\t\t\t\t\t\t<\/div> \n\t\t\t\n        \n\t\t\t\t<div id=\"ngg-image-5\" class=\"ngg-gallery-thumbnail-box\" >\n\t\t\t\t        <div class=\"ngg-gallery-thumbnail\">\n            <a href=\"http:\/\/pacifichigh.de\/wp_ph_de\/wp-content\/gallery\/090921_abbaie_fontfroide\/fontfroide_07_1ds_1288.jpg\"\n               title=\"Der Innenhof mit Blick auf die Kirche\"\n               data-src=\"http:\/\/pacifichigh.de\/wp_ph_de\/wp-content\/gallery\/090921_abbaie_fontfroide\/fontfroide_07_1ds_1288.jpg\"\n               data-thumbnail=\"http:\/\/pacifichigh.de\/wp_ph_de\/wp-content\/gallery\/090921_abbaie_fontfroide\/thumbs\/thumbs_fontfroide_07_1ds_1288.jpg\"\n               data-image-id=\"1570\"\n               data-title=\"fontfroide_07_1ds_1288.jpg\"\n               data-description=\"Der Innenhof mit Blick auf die Kirche\"\n               data-image-slug=\"fontfroide_07_1ds_1288-jpg\"\n               class=\"ngg-fancybox\" rel=\"037e2e993128da249461fe13af557118\">\n                <img\n                    title=\"fontfroide_07_1ds_1288.jpg\"\n                    alt=\"fontfroide_07_1ds_1288.jpg\"\n                    src=\"http:\/\/pacifichigh.de\/wp_ph_de\/wp-content\/gallery\/090921_abbaie_fontfroide\/thumbs\/thumbs_fontfroide_07_1ds_1288.jpg\"\n                    width=\"150\"\n                    height=\"100\"\n                    style=\"max-width:100%;\"\n                \/>\n            <\/a>\n        <\/div>\n\t\t\t\t\t\t\t<\/div> \n\t\t\t\n        \n\t\t\t\t<div id=\"ngg-image-6\" class=\"ngg-gallery-thumbnail-box\" >\n\t\t\t\t        <div class=\"ngg-gallery-thumbnail\">\n            <a href=\"http:\/\/pacifichigh.de\/wp_ph_de\/wp-content\/gallery\/090921_abbaie_fontfroide\/fontfroide_08_1ds_1304.jpg\"\n               title=\"Viele hundert S\u00e4ulen s\u00e4umen die G\u00e4nge des Klosters\"\n               data-src=\"http:\/\/pacifichigh.de\/wp_ph_de\/wp-content\/gallery\/090921_abbaie_fontfroide\/fontfroide_08_1ds_1304.jpg\"\n               data-thumbnail=\"http:\/\/pacifichigh.de\/wp_ph_de\/wp-content\/gallery\/090921_abbaie_fontfroide\/thumbs\/thumbs_fontfroide_08_1ds_1304.jpg\"\n               data-image-id=\"1571\"\n               data-title=\"fontfroide_08_1ds_1304.jpg\"\n               data-description=\"Viele hundert S\u00e4ulen s\u00e4umen die G\u00e4nge des Klosters\"\n               data-image-slug=\"fontfroide_08_1ds_1304-jpg\"\n               class=\"ngg-fancybox\" rel=\"037e2e993128da249461fe13af557118\">\n                <img\n                    title=\"fontfroide_08_1ds_1304.jpg\"\n                    alt=\"fontfroide_08_1ds_1304.jpg\"\n                    src=\"http:\/\/pacifichigh.de\/wp_ph_de\/wp-content\/gallery\/090921_abbaie_fontfroide\/thumbs\/thumbs_fontfroide_08_1ds_1304.jpg\"\n                    width=\"150\"\n                    height=\"100\"\n                    style=\"max-width:100%;\"\n                \/>\n            <\/a>\n        <\/div>\n\t\t\t\t\t\t\t<\/div> \n\t\t\t\n        \n\t\t\t\t<div id=\"ngg-image-7\" class=\"ngg-gallery-thumbnail-box\" >\n\t\t\t\t        <div class=\"ngg-gallery-thumbnail\">\n            <a href=\"http:\/\/pacifichigh.de\/wp_ph_de\/wp-content\/gallery\/090921_abbaie_fontfroide\/fontfroide_09_1ds_1319.jpg\"\n               title=\"Innenansicht der Kirche\"\n               data-src=\"http:\/\/pacifichigh.de\/wp_ph_de\/wp-content\/gallery\/090921_abbaie_fontfroide\/fontfroide_09_1ds_1319.jpg\"\n               data-thumbnail=\"http:\/\/pacifichigh.de\/wp_ph_de\/wp-content\/gallery\/090921_abbaie_fontfroide\/thumbs\/thumbs_fontfroide_09_1ds_1319.jpg\"\n               data-image-id=\"1572\"\n               data-title=\"fontfroide_09_1ds_1319.jpg\"\n               data-description=\"Innenansicht der Kirche\"\n               data-image-slug=\"fontfroide_09_1ds_1319-jpg\"\n               class=\"ngg-fancybox\" rel=\"037e2e993128da249461fe13af557118\">\n                <img\n                    title=\"fontfroide_09_1ds_1319.jpg\"\n                    alt=\"fontfroide_09_1ds_1319.jpg\"\n                    src=\"http:\/\/pacifichigh.de\/wp_ph_de\/wp-content\/gallery\/090921_abbaie_fontfroide\/thumbs\/thumbs_fontfroide_09_1ds_1319.jpg\"\n                    width=\"150\"\n                    height=\"100\"\n                    style=\"max-width:100%;\"\n                \/>\n            <\/a>\n        <\/div>\n\t\t\t\t\t\t\t<\/div> \n\t\t\t\n        \n\t\t\t\t<div id=\"ngg-image-8\" class=\"ngg-gallery-thumbnail-box\" >\n\t\t\t\t        <div class=\"ngg-gallery-thumbnail\">\n            <a href=\"http:\/\/pacifichigh.de\/wp_ph_de\/wp-content\/gallery\/090921_abbaie_fontfroide\/fontfroide_10_1ds_1322.jpg\"\n               title=\"Die bunten Glasfenster wurden gr\u00f6\u00dftenteils erst im vergangenen Jahrhundert eingef\u00fcgt\"\n               data-src=\"http:\/\/pacifichigh.de\/wp_ph_de\/wp-content\/gallery\/090921_abbaie_fontfroide\/fontfroide_10_1ds_1322.jpg\"\n               data-thumbnail=\"http:\/\/pacifichigh.de\/wp_ph_de\/wp-content\/gallery\/090921_abbaie_fontfroide\/thumbs\/thumbs_fontfroide_10_1ds_1322.jpg\"\n               data-image-id=\"1573\"\n               data-title=\"fontfroide_10_1ds_1322.jpg\"\n               data-description=\"Die bunten Glasfenster wurden gr\u00f6\u00dftenteils erst im vergangenen Jahrhundert eingef\u00fcgt\"\n               data-image-slug=\"fontfroide_10_1ds_1322-jpg\"\n               class=\"ngg-fancybox\" rel=\"037e2e993128da249461fe13af557118\">\n                <img\n                    title=\"fontfroide_10_1ds_1322.jpg\"\n                    alt=\"fontfroide_10_1ds_1322.jpg\"\n                    src=\"http:\/\/pacifichigh.de\/wp_ph_de\/wp-content\/gallery\/090921_abbaie_fontfroide\/thumbs\/thumbs_fontfroide_10_1ds_1322.jpg\"\n                    width=\"150\"\n                    height=\"100\"\n                    style=\"max-width:100%;\"\n                \/>\n            <\/a>\n        <\/div>\n\t\t\t\t\t\t\t<\/div> \n\t\t\t\n        \n\t\t\t\t<div id=\"ngg-image-9\" class=\"ngg-gallery-thumbnail-box\" >\n\t\t\t\t        <div class=\"ngg-gallery-thumbnail\">\n            <a href=\"http:\/\/pacifichigh.de\/wp_ph_de\/wp-content\/gallery\/090921_abbaie_fontfroide\/fontfroide_11_1ds_1327.jpg\"\n               title=\"Gut zu erkenne sind die streng geometrischen Formen des Klosters\"\n               data-src=\"http:\/\/pacifichigh.de\/wp_ph_de\/wp-content\/gallery\/090921_abbaie_fontfroide\/fontfroide_11_1ds_1327.jpg\"\n               data-thumbnail=\"http:\/\/pacifichigh.de\/wp_ph_de\/wp-content\/gallery\/090921_abbaie_fontfroide\/thumbs\/thumbs_fontfroide_11_1ds_1327.jpg\"\n               data-image-id=\"1574\"\n               data-title=\"fontfroide_11_1ds_1327.jpg\"\n               data-description=\"Gut zu erkenne sind die streng geometrischen Formen des Klosters\"\n               data-image-slug=\"fontfroide_11_1ds_1327-jpg\"\n               class=\"ngg-fancybox\" rel=\"037e2e993128da249461fe13af557118\">\n                <img\n                    title=\"fontfroide_11_1ds_1327.jpg\"\n                    alt=\"fontfroide_11_1ds_1327.jpg\"\n                    src=\"http:\/\/pacifichigh.de\/wp_ph_de\/wp-content\/gallery\/090921_abbaie_fontfroide\/thumbs\/thumbs_fontfroide_11_1ds_1327.jpg\"\n                    width=\"150\"\n                    height=\"100\"\n                    style=\"max-width:100%;\"\n                \/>\n            <\/a>\n        <\/div>\n\t\t\t\t\t\t\t<\/div> \n\t\t\t\n        \n\t\t\t\t<div id=\"ngg-image-10\" class=\"ngg-gallery-thumbnail-box\" >\n\t\t\t\t        <div class=\"ngg-gallery-thumbnail\">\n            <a href=\"http:\/\/pacifichigh.de\/wp_ph_de\/wp-content\/gallery\/090921_abbaie_fontfroide\/fontfroide_12_fontfroide_01_1ds_1338.jpg\"\n               title=\"Viele der Glasarbeiten w\u00fcrden wir heutzutage als \\&quot;Recycling\\&quot; bezeichnen. Es wurde Glasbruchst\u00fccke von Kirchenfenstern verwendet die w\u00e4hrend der ranz\u00f6sischen Revolution zerst\u00f6rt wurden\"\n               data-src=\"http:\/\/pacifichigh.de\/wp_ph_de\/wp-content\/gallery\/090921_abbaie_fontfroide\/fontfroide_12_fontfroide_01_1ds_1338.jpg\"\n               data-thumbnail=\"http:\/\/pacifichigh.de\/wp_ph_de\/wp-content\/gallery\/090921_abbaie_fontfroide\/thumbs\/thumbs_fontfroide_12_fontfroide_01_1ds_1338.jpg\"\n               data-image-id=\"1575\"\n               data-title=\"fontfroide_12_fontfroide_01_1ds_1338.jpg\"\n               data-description=\"Viele der Glasarbeiten w\u00fcrden wir heutzutage als &quot;Recycling&quot; bezeichnen. Es wurde Glasbruchst\u00fccke von Kirchenfenstern verwendet die w\u00e4hrend der ranz\u00f6sischen Revolution zerst\u00f6rt wurden\"\n               data-image-slug=\"fontfroide_12_fontfroide_01_1ds_1338-jpg\"\n               class=\"ngg-fancybox\" rel=\"037e2e993128da249461fe13af557118\">\n                <img\n                    title=\"fontfroide_12_fontfroide_01_1ds_1338.jpg\"\n                    alt=\"fontfroide_12_fontfroide_01_1ds_1338.jpg\"\n                    src=\"http:\/\/pacifichigh.de\/wp_ph_de\/wp-content\/gallery\/090921_abbaie_fontfroide\/thumbs\/thumbs_fontfroide_12_fontfroide_01_1ds_1338.jpg\"\n                    width=\"150\"\n                    height=\"100\"\n                    style=\"max-width:100%;\"\n                \/>\n            <\/a>\n        <\/div>\n\t\t\t\t\t\t\t<\/div> \n\t\t\t\n        \n\t\t\t\t<div id=\"ngg-image-11\" class=\"ngg-gallery-thumbnail-box\" >\n\t\t\t\t        <div class=\"ngg-gallery-thumbnail\">\n            <a href=\"http:\/\/pacifichigh.de\/wp_ph_de\/wp-content\/gallery\/090921_abbaie_fontfroide\/fontfroide_13_1ds_1331.jpg\"\n               title=\"Detail eines solchen Recyclingfensters\"\n               data-src=\"http:\/\/pacifichigh.de\/wp_ph_de\/wp-content\/gallery\/090921_abbaie_fontfroide\/fontfroide_13_1ds_1331.jpg\"\n               data-thumbnail=\"http:\/\/pacifichigh.de\/wp_ph_de\/wp-content\/gallery\/090921_abbaie_fontfroide\/thumbs\/thumbs_fontfroide_13_1ds_1331.jpg\"\n               data-image-id=\"1576\"\n               data-title=\"fontfroide_13_1ds_1331.jpg\"\n               data-description=\"Detail eines solchen Recyclingfensters\"\n               data-image-slug=\"fontfroide_13_1ds_1331-jpg\"\n               class=\"ngg-fancybox\" rel=\"037e2e993128da249461fe13af557118\">\n                <img\n                    title=\"fontfroide_13_1ds_1331.jpg\"\n                    alt=\"fontfroide_13_1ds_1331.jpg\"\n                    src=\"http:\/\/pacifichigh.de\/wp_ph_de\/wp-content\/gallery\/090921_abbaie_fontfroide\/thumbs\/thumbs_fontfroide_13_1ds_1331.jpg\"\n                    width=\"150\"\n                    height=\"100\"\n                    style=\"max-width:100%;\"\n                \/>\n            <\/a>\n        <\/div>\n\t\t\t\t\t\t\t<\/div> \n\t\t\t\n        \n\t\t\n\t\t<!-- Pagination -->\n\t<div class='ngg-clear'><\/div>\t<\/div>\n<\/span><\/span><\/p>\n<p><!--:--><!--:it--><span style=\"font-size: medium;\">Nel 1093 viene fondata a Fontfroide un monastero benedettino, che a l&#8217;occasione della visita di San Bernardo nel Languedoc nel 1145 converte all&#8217; Ordine dei Cistercensi. La costruzione della chiesa del monastero inizier\u00e0 il prossimo anno. La volta a botte\u00a0 sale a 20 m di altezza ed \u00e8 uno straordinario esempio di semplicit\u00e0 di architettura cistercense.<\/span><\/p>\n<p><span style=\"font-size: medium;\">Il chiostro cos\u00ec come la sala capitolare \u00e9 un capolavoro di arte romanica del 12 \u00b0 secolo. L&#8217; importanza dell&#8217;abbazia di\u00a0 FONTFROIDE ora si estende su tutta la regione e fino alla Catalonia.L&#8217; abbzia di FONTFROIDE riesce a mantenere questa importanza fino alla met\u00e0 del 14. secolo. Dal monastero due abati riescono a raggiungere le pi\u00f9 alte cariche: Arnaud Nouvel cardinale, cancelliere della Chiesa e legato papale, infine, al processo contro i Templari. Jacques Fournier entra nella storia come Papa Benedetto XII.<br \/>\nNel 1348 la peste raggiunse Frontfroide che non si riprender\u00e0 mai dalla perdita di 3 \/ 4 dei suoi monaci. Gli ultimi monaci lasciano Fontfroide nel 1791. Nuova vita monastica sorge nel 1858. La legge contro le comunit\u00e0 religiose dal 1901 conclude finalmente la vita monastica a FONTFROIDE. Gli ultimi monaci riescono a fuggire verso la Spagna e l&#8217;impianto \u00e8 lasciato a se stesso fino al 1908. In un&#8217;asta Fontfroide \u00e8 acquistato da un appassionato amante dell&#8217;arte e cos\u00ec salvato dalla rovina.<\/span><\/p>\n<p style=\"text-align: center;\">httpv:\/\/www.youtube.com\/watch?v=QG8r4H5tE78<\/p>\n<div id=\"result_box\" dir=\"ltr\"><span style=\"font-size: medium;\">Abbiamo visitato con molto piacere sia il monastero che le colline circostanti, con lussureggianti cipresse e foreste di pini in mezzo a questo paesaggio piuttosto arido. La visita stessa del monastero \u00e8 stata molto interessante e istruttiva, perch\u00e9 abbiamo avuto la fortuna di una guida giovane ed entusiasta. Purtroppo, non abbiamo avuto il tempo per una degustazione dei vini del monastero!<\/span><\/div>\n<p style=\"text-align: justify;\"><span style=\"font-size: medium;\"><span style=\"font-family: Arial;\"><!-- index.php -->\n<div\n\tclass=\"ngg-galleryoverview ngg-ajax-pagination-none\"\n\tid=\"ngg-gallery-037e2e993128da249461fe13af557118-1\">\n\n    \t<div class=\"slideshowlink\">\n        <a href='http:\/\/pacifichigh.de\/wp_ph_de\/index.php\/nggallery\/slideshow?p=1950'>[Show slideshow]<\/a>\n\t\t\n\t<\/div>\n\t\t\t<!-- Thumbnails -->\n\t\t\t\t<div id=\"ngg-image-0\" class=\"ngg-gallery-thumbnail-box\" >\n\t\t\t\t        <div class=\"ngg-gallery-thumbnail\">\n            <a href=\"http:\/\/pacifichigh.de\/wp_ph_de\/wp-content\/gallery\/090921_abbaie_fontfroide\/fontfroide_02_1ds_1250.jpg\"\n               title=\"Die \\&quot;Abbaye de Fontfroide\\&quot; liegt am Ende eines Tales eingebettet zwischen Pinien und Zypressen\"\n               data-src=\"http:\/\/pacifichigh.de\/wp_ph_de\/wp-content\/gallery\/090921_abbaie_fontfroide\/fontfroide_02_1ds_1250.jpg\"\n               data-thumbnail=\"http:\/\/pacifichigh.de\/wp_ph_de\/wp-content\/gallery\/090921_abbaie_fontfroide\/thumbs\/thumbs_fontfroide_02_1ds_1250.jpg\"\n               data-image-id=\"1565\"\n               data-title=\"fontfroide_02_1ds_1250.jpg\"\n               data-description=\"Die &quot;Abbaye de Fontfroide&quot; liegt am Ende eines Tales eingebettet zwischen Pinien und Zypressen\"\n               data-image-slug=\"fontfroide_02_1ds_1250-jpg\"\n               class=\"ngg-fancybox\" rel=\"037e2e993128da249461fe13af557118\">\n                <img\n                    title=\"fontfroide_02_1ds_1250.jpg\"\n                    alt=\"fontfroide_02_1ds_1250.jpg\"\n                    src=\"http:\/\/pacifichigh.de\/wp_ph_de\/wp-content\/gallery\/090921_abbaie_fontfroide\/thumbs\/thumbs_fontfroide_02_1ds_1250.jpg\"\n                    width=\"150\"\n                    height=\"100\"\n                    style=\"max-width:100%;\"\n                \/>\n            <\/a>\n        <\/div>\n\t\t\t\t\t\t\t<\/div> \n\t\t\t\n        \n\t\t\t\t<div id=\"ngg-image-1\" class=\"ngg-gallery-thumbnail-box\" >\n\t\t\t\t        <div class=\"ngg-gallery-thumbnail\">\n            <a href=\"http:\/\/pacifichigh.de\/wp_ph_de\/wp-content\/gallery\/090921_abbaie_fontfroide\/fontfroide_03_1ds_1245.jpg\"\n               title=\"\"\n               data-src=\"http:\/\/pacifichigh.de\/wp_ph_de\/wp-content\/gallery\/090921_abbaie_fontfroide\/fontfroide_03_1ds_1245.jpg\"\n               data-thumbnail=\"http:\/\/pacifichigh.de\/wp_ph_de\/wp-content\/gallery\/090921_abbaie_fontfroide\/thumbs\/thumbs_fontfroide_03_1ds_1245.jpg\"\n               data-image-id=\"1566\"\n               data-title=\"fontfroide_03_1ds_1245.jpg\"\n               data-description=\"\"\n               data-image-slug=\"fontfroide_03_1ds_1245-jpg\"\n               class=\"ngg-fancybox\" rel=\"037e2e993128da249461fe13af557118\">\n                <img\n                    title=\"fontfroide_03_1ds_1245.jpg\"\n                    alt=\"fontfroide_03_1ds_1245.jpg\"\n                    src=\"http:\/\/pacifichigh.de\/wp_ph_de\/wp-content\/gallery\/090921_abbaie_fontfroide\/thumbs\/thumbs_fontfroide_03_1ds_1245.jpg\"\n                    width=\"150\"\n                    height=\"100\"\n                    style=\"max-width:100%;\"\n                \/>\n            <\/a>\n        <\/div>\n\t\t\t\t\t\t\t<\/div> \n\t\t\t\n        \n\t\t\t\t<div id=\"ngg-image-2\" class=\"ngg-gallery-thumbnail-box\" >\n\t\t\t\t        <div class=\"ngg-gallery-thumbnail\">\n            <a href=\"http:\/\/pacifichigh.de\/wp_ph_de\/wp-content\/gallery\/090921_abbaie_fontfroide\/fontfroide_04_1ds_1265.jpg\"\n               title=\"Innenhof des Klosters\"\n               data-src=\"http:\/\/pacifichigh.de\/wp_ph_de\/wp-content\/gallery\/090921_abbaie_fontfroide\/fontfroide_04_1ds_1265.jpg\"\n               data-thumbnail=\"http:\/\/pacifichigh.de\/wp_ph_de\/wp-content\/gallery\/090921_abbaie_fontfroide\/thumbs\/thumbs_fontfroide_04_1ds_1265.jpg\"\n               data-image-id=\"1567\"\n               data-title=\"fontfroide_04_1ds_1265.jpg\"\n               data-description=\"Innenhof des Klosters\"\n               data-image-slug=\"fontfroide_04_1ds_1265-jpg\"\n               class=\"ngg-fancybox\" rel=\"037e2e993128da249461fe13af557118\">\n                <img\n                    title=\"fontfroide_04_1ds_1265.jpg\"\n                    alt=\"fontfroide_04_1ds_1265.jpg\"\n                    src=\"http:\/\/pacifichigh.de\/wp_ph_de\/wp-content\/gallery\/090921_abbaie_fontfroide\/thumbs\/thumbs_fontfroide_04_1ds_1265.jpg\"\n                    width=\"150\"\n                    height=\"100\"\n                    style=\"max-width:100%;\"\n                \/>\n            <\/a>\n        <\/div>\n\t\t\t\t\t\t\t<\/div> \n\t\t\t\n        \n\t\t\t\t<div id=\"ngg-image-3\" class=\"ngg-gallery-thumbnail-box\" >\n\t\t\t\t        <div class=\"ngg-gallery-thumbnail\">\n            <a href=\"http:\/\/pacifichigh.de\/wp_ph_de\/wp-content\/gallery\/090921_abbaie_fontfroide\/fontfroide_05_1ds_1272.jpg\"\n               title=\"Das Refectorium des Klosters: kaum zu glauben, dass hier fr\u00fcher ca. 250 Menschen ihre Malzeiten eingenomen haben\"\n               data-src=\"http:\/\/pacifichigh.de\/wp_ph_de\/wp-content\/gallery\/090921_abbaie_fontfroide\/fontfroide_05_1ds_1272.jpg\"\n               data-thumbnail=\"http:\/\/pacifichigh.de\/wp_ph_de\/wp-content\/gallery\/090921_abbaie_fontfroide\/thumbs\/thumbs_fontfroide_05_1ds_1272.jpg\"\n               data-image-id=\"1568\"\n               data-title=\"fontfroide_05_1ds_1272.jpg\"\n               data-description=\"Das Refectorium des Klosters: kaum zu glauben, dass hier fr\u00fcher ca. 250 Menschen ihre Malzeiten eingenomen haben\"\n               data-image-slug=\"fontfroide_05_1ds_1272-jpg\"\n               class=\"ngg-fancybox\" rel=\"037e2e993128da249461fe13af557118\">\n                <img\n                    title=\"fontfroide_05_1ds_1272.jpg\"\n                    alt=\"fontfroide_05_1ds_1272.jpg\"\n                    src=\"http:\/\/pacifichigh.de\/wp_ph_de\/wp-content\/gallery\/090921_abbaie_fontfroide\/thumbs\/thumbs_fontfroide_05_1ds_1272.jpg\"\n                    width=\"150\"\n                    height=\"100\"\n                    style=\"max-width:100%;\"\n                \/>\n            <\/a>\n        <\/div>\n\t\t\t\t\t\t\t<\/div> \n\t\t\t\n        \n\t\t\t\t<div id=\"ngg-image-4\" class=\"ngg-gallery-thumbnail-box\" >\n\t\t\t\t        <div class=\"ngg-gallery-thumbnail\">\n            <a href=\"http:\/\/pacifichigh.de\/wp_ph_de\/wp-content\/gallery\/090921_abbaie_fontfroide\/fontfroide_06_1ds_1284.jpg\"\n               title=\"Die Zellen der M\u00f6nche, heute zu einem Ausstellungsraum umgewandelt\"\n               data-src=\"http:\/\/pacifichigh.de\/wp_ph_de\/wp-content\/gallery\/090921_abbaie_fontfroide\/fontfroide_06_1ds_1284.jpg\"\n               data-thumbnail=\"http:\/\/pacifichigh.de\/wp_ph_de\/wp-content\/gallery\/090921_abbaie_fontfroide\/thumbs\/thumbs_fontfroide_06_1ds_1284.jpg\"\n               data-image-id=\"1569\"\n               data-title=\"fontfroide_06_1ds_1284.jpg\"\n               data-description=\"Die Zellen der M\u00f6nche, heute zu einem Ausstellungsraum umgewandelt\"\n               data-image-slug=\"fontfroide_06_1ds_1284-jpg\"\n               class=\"ngg-fancybox\" rel=\"037e2e993128da249461fe13af557118\">\n                <img\n                    title=\"fontfroide_06_1ds_1284.jpg\"\n                    alt=\"fontfroide_06_1ds_1284.jpg\"\n                    src=\"http:\/\/pacifichigh.de\/wp_ph_de\/wp-content\/gallery\/090921_abbaie_fontfroide\/thumbs\/thumbs_fontfroide_06_1ds_1284.jpg\"\n                    width=\"150\"\n                    height=\"100\"\n                    style=\"max-width:100%;\"\n                \/>\n            <\/a>\n        <\/div>\n\t\t\t\t\t\t\t<\/div> \n\t\t\t\n        \n\t\t\t\t<div id=\"ngg-image-5\" class=\"ngg-gallery-thumbnail-box\" >\n\t\t\t\t        <div class=\"ngg-gallery-thumbnail\">\n            <a href=\"http:\/\/pacifichigh.de\/wp_ph_de\/wp-content\/gallery\/090921_abbaie_fontfroide\/fontfroide_07_1ds_1288.jpg\"\n               title=\"Der Innenhof mit Blick auf die Kirche\"\n               data-src=\"http:\/\/pacifichigh.de\/wp_ph_de\/wp-content\/gallery\/090921_abbaie_fontfroide\/fontfroide_07_1ds_1288.jpg\"\n               data-thumbnail=\"http:\/\/pacifichigh.de\/wp_ph_de\/wp-content\/gallery\/090921_abbaie_fontfroide\/thumbs\/thumbs_fontfroide_07_1ds_1288.jpg\"\n               data-image-id=\"1570\"\n               data-title=\"fontfroide_07_1ds_1288.jpg\"\n               data-description=\"Der Innenhof mit Blick auf die Kirche\"\n               data-image-slug=\"fontfroide_07_1ds_1288-jpg\"\n               class=\"ngg-fancybox\" rel=\"037e2e993128da249461fe13af557118\">\n                <img\n                    title=\"fontfroide_07_1ds_1288.jpg\"\n                    alt=\"fontfroide_07_1ds_1288.jpg\"\n                    src=\"http:\/\/pacifichigh.de\/wp_ph_de\/wp-content\/gallery\/090921_abbaie_fontfroide\/thumbs\/thumbs_fontfroide_07_1ds_1288.jpg\"\n                    width=\"150\"\n                    height=\"100\"\n                    style=\"max-width:100%;\"\n                \/>\n            <\/a>\n        <\/div>\n\t\t\t\t\t\t\t<\/div> \n\t\t\t\n        \n\t\t\t\t<div id=\"ngg-image-6\" class=\"ngg-gallery-thumbnail-box\" >\n\t\t\t\t        <div class=\"ngg-gallery-thumbnail\">\n            <a href=\"http:\/\/pacifichigh.de\/wp_ph_de\/wp-content\/gallery\/090921_abbaie_fontfroide\/fontfroide_08_1ds_1304.jpg\"\n               title=\"Viele hundert S\u00e4ulen s\u00e4umen die G\u00e4nge des Klosters\"\n               data-src=\"http:\/\/pacifichigh.de\/wp_ph_de\/wp-content\/gallery\/090921_abbaie_fontfroide\/fontfroide_08_1ds_1304.jpg\"\n               data-thumbnail=\"http:\/\/pacifichigh.de\/wp_ph_de\/wp-content\/gallery\/090921_abbaie_fontfroide\/thumbs\/thumbs_fontfroide_08_1ds_1304.jpg\"\n               data-image-id=\"1571\"\n               data-title=\"fontfroide_08_1ds_1304.jpg\"\n               data-description=\"Viele hundert S\u00e4ulen s\u00e4umen die G\u00e4nge des Klosters\"\n               data-image-slug=\"fontfroide_08_1ds_1304-jpg\"\n               class=\"ngg-fancybox\" rel=\"037e2e993128da249461fe13af557118\">\n                <img\n                    title=\"fontfroide_08_1ds_1304.jpg\"\n                    alt=\"fontfroide_08_1ds_1304.jpg\"\n                    src=\"http:\/\/pacifichigh.de\/wp_ph_de\/wp-content\/gallery\/090921_abbaie_fontfroide\/thumbs\/thumbs_fontfroide_08_1ds_1304.jpg\"\n                    width=\"150\"\n                    height=\"100\"\n                    style=\"max-width:100%;\"\n                \/>\n            <\/a>\n        <\/div>\n\t\t\t\t\t\t\t<\/div> \n\t\t\t\n        \n\t\t\t\t<div id=\"ngg-image-7\" class=\"ngg-gallery-thumbnail-box\" >\n\t\t\t\t        <div class=\"ngg-gallery-thumbnail\">\n            <a href=\"http:\/\/pacifichigh.de\/wp_ph_de\/wp-content\/gallery\/090921_abbaie_fontfroide\/fontfroide_09_1ds_1319.jpg\"\n               title=\"Innenansicht der Kirche\"\n               data-src=\"http:\/\/pacifichigh.de\/wp_ph_de\/wp-content\/gallery\/090921_abbaie_fontfroide\/fontfroide_09_1ds_1319.jpg\"\n               data-thumbnail=\"http:\/\/pacifichigh.de\/wp_ph_de\/wp-content\/gallery\/090921_abbaie_fontfroide\/thumbs\/thumbs_fontfroide_09_1ds_1319.jpg\"\n               data-image-id=\"1572\"\n               data-title=\"fontfroide_09_1ds_1319.jpg\"\n               data-description=\"Innenansicht der Kirche\"\n               data-image-slug=\"fontfroide_09_1ds_1319-jpg\"\n               class=\"ngg-fancybox\" rel=\"037e2e993128da249461fe13af557118\">\n                <img\n                    title=\"fontfroide_09_1ds_1319.jpg\"\n                    alt=\"fontfroide_09_1ds_1319.jpg\"\n                    src=\"http:\/\/pacifichigh.de\/wp_ph_de\/wp-content\/gallery\/090921_abbaie_fontfroide\/thumbs\/thumbs_fontfroide_09_1ds_1319.jpg\"\n                    width=\"150\"\n                    height=\"100\"\n                    style=\"max-width:100%;\"\n                \/>\n            <\/a>\n        <\/div>\n\t\t\t\t\t\t\t<\/div> \n\t\t\t\n        \n\t\t\t\t<div id=\"ngg-image-8\" class=\"ngg-gallery-thumbnail-box\" >\n\t\t\t\t        <div class=\"ngg-gallery-thumbnail\">\n            <a href=\"http:\/\/pacifichigh.de\/wp_ph_de\/wp-content\/gallery\/090921_abbaie_fontfroide\/fontfroide_10_1ds_1322.jpg\"\n               title=\"Die bunten Glasfenster wurden gr\u00f6\u00dftenteils erst im vergangenen Jahrhundert eingef\u00fcgt\"\n               data-src=\"http:\/\/pacifichigh.de\/wp_ph_de\/wp-content\/gallery\/090921_abbaie_fontfroide\/fontfroide_10_1ds_1322.jpg\"\n               data-thumbnail=\"http:\/\/pacifichigh.de\/wp_ph_de\/wp-content\/gallery\/090921_abbaie_fontfroide\/thumbs\/thumbs_fontfroide_10_1ds_1322.jpg\"\n               data-image-id=\"1573\"\n               data-title=\"fontfroide_10_1ds_1322.jpg\"\n               data-description=\"Die bunten Glasfenster wurden gr\u00f6\u00dftenteils erst im vergangenen Jahrhundert eingef\u00fcgt\"\n               data-image-slug=\"fontfroide_10_1ds_1322-jpg\"\n               class=\"ngg-fancybox\" rel=\"037e2e993128da249461fe13af557118\">\n                <img\n                    title=\"fontfroide_10_1ds_1322.jpg\"\n                    alt=\"fontfroide_10_1ds_1322.jpg\"\n                    src=\"http:\/\/pacifichigh.de\/wp_ph_de\/wp-content\/gallery\/090921_abbaie_fontfroide\/thumbs\/thumbs_fontfroide_10_1ds_1322.jpg\"\n                    width=\"150\"\n                    height=\"100\"\n                    style=\"max-width:100%;\"\n                \/>\n            <\/a>\n        <\/div>\n\t\t\t\t\t\t\t<\/div> \n\t\t\t\n        \n\t\t\t\t<div id=\"ngg-image-9\" class=\"ngg-gallery-thumbnail-box\" >\n\t\t\t\t        <div class=\"ngg-gallery-thumbnail\">\n            <a href=\"http:\/\/pacifichigh.de\/wp_ph_de\/wp-content\/gallery\/090921_abbaie_fontfroide\/fontfroide_11_1ds_1327.jpg\"\n               title=\"Gut zu erkenne sind die streng geometrischen Formen des Klosters\"\n               data-src=\"http:\/\/pacifichigh.de\/wp_ph_de\/wp-content\/gallery\/090921_abbaie_fontfroide\/fontfroide_11_1ds_1327.jpg\"\n               data-thumbnail=\"http:\/\/pacifichigh.de\/wp_ph_de\/wp-content\/gallery\/090921_abbaie_fontfroide\/thumbs\/thumbs_fontfroide_11_1ds_1327.jpg\"\n               data-image-id=\"1574\"\n               data-title=\"fontfroide_11_1ds_1327.jpg\"\n               data-description=\"Gut zu erkenne sind die streng geometrischen Formen des Klosters\"\n               data-image-slug=\"fontfroide_11_1ds_1327-jpg\"\n               class=\"ngg-fancybox\" rel=\"037e2e993128da249461fe13af557118\">\n                <img\n                    title=\"fontfroide_11_1ds_1327.jpg\"\n                    alt=\"fontfroide_11_1ds_1327.jpg\"\n                    src=\"http:\/\/pacifichigh.de\/wp_ph_de\/wp-content\/gallery\/090921_abbaie_fontfroide\/thumbs\/thumbs_fontfroide_11_1ds_1327.jpg\"\n                    width=\"150\"\n                    height=\"100\"\n                    style=\"max-width:100%;\"\n                \/>\n            <\/a>\n        <\/div>\n\t\t\t\t\t\t\t<\/div> \n\t\t\t\n        \n\t\t\t\t<div id=\"ngg-image-10\" class=\"ngg-gallery-thumbnail-box\" >\n\t\t\t\t        <div class=\"ngg-gallery-thumbnail\">\n            <a href=\"http:\/\/pacifichigh.de\/wp_ph_de\/wp-content\/gallery\/090921_abbaie_fontfroide\/fontfroide_12_fontfroide_01_1ds_1338.jpg\"\n               title=\"Viele der Glasarbeiten w\u00fcrden wir heutzutage als \\&quot;Recycling\\&quot; bezeichnen. Es wurde Glasbruchst\u00fccke von Kirchenfenstern verwendet die w\u00e4hrend der ranz\u00f6sischen Revolution zerst\u00f6rt wurden\"\n               data-src=\"http:\/\/pacifichigh.de\/wp_ph_de\/wp-content\/gallery\/090921_abbaie_fontfroide\/fontfroide_12_fontfroide_01_1ds_1338.jpg\"\n               data-thumbnail=\"http:\/\/pacifichigh.de\/wp_ph_de\/wp-content\/gallery\/090921_abbaie_fontfroide\/thumbs\/thumbs_fontfroide_12_fontfroide_01_1ds_1338.jpg\"\n               data-image-id=\"1575\"\n               data-title=\"fontfroide_12_fontfroide_01_1ds_1338.jpg\"\n               data-description=\"Viele der Glasarbeiten w\u00fcrden wir heutzutage als &quot;Recycling&quot; bezeichnen. Es wurde Glasbruchst\u00fccke von Kirchenfenstern verwendet die w\u00e4hrend der ranz\u00f6sischen Revolution zerst\u00f6rt wurden\"\n               data-image-slug=\"fontfroide_12_fontfroide_01_1ds_1338-jpg\"\n               class=\"ngg-fancybox\" rel=\"037e2e993128da249461fe13af557118\">\n                <img\n                    title=\"fontfroide_12_fontfroide_01_1ds_1338.jpg\"\n                    alt=\"fontfroide_12_fontfroide_01_1ds_1338.jpg\"\n                    src=\"http:\/\/pacifichigh.de\/wp_ph_de\/wp-content\/gallery\/090921_abbaie_fontfroide\/thumbs\/thumbs_fontfroide_12_fontfroide_01_1ds_1338.jpg\"\n                    width=\"150\"\n                    height=\"100\"\n                    style=\"max-width:100%;\"\n                \/>\n            <\/a>\n        <\/div>\n\t\t\t\t\t\t\t<\/div> \n\t\t\t\n        \n\t\t\t\t<div id=\"ngg-image-11\" class=\"ngg-gallery-thumbnail-box\" >\n\t\t\t\t        <div class=\"ngg-gallery-thumbnail\">\n            <a href=\"http:\/\/pacifichigh.de\/wp_ph_de\/wp-content\/gallery\/090921_abbaie_fontfroide\/fontfroide_13_1ds_1331.jpg\"\n               title=\"Detail eines solchen Recyclingfensters\"\n               data-src=\"http:\/\/pacifichigh.de\/wp_ph_de\/wp-content\/gallery\/090921_abbaie_fontfroide\/fontfroide_13_1ds_1331.jpg\"\n               data-thumbnail=\"http:\/\/pacifichigh.de\/wp_ph_de\/wp-content\/gallery\/090921_abbaie_fontfroide\/thumbs\/thumbs_fontfroide_13_1ds_1331.jpg\"\n               data-image-id=\"1576\"\n               data-title=\"fontfroide_13_1ds_1331.jpg\"\n               data-description=\"Detail eines solchen Recyclingfensters\"\n               data-image-slug=\"fontfroide_13_1ds_1331-jpg\"\n               class=\"ngg-fancybox\" rel=\"037e2e993128da249461fe13af557118\">\n                <img\n                    title=\"fontfroide_13_1ds_1331.jpg\"\n                    alt=\"fontfroide_13_1ds_1331.jpg\"\n                    src=\"http:\/\/pacifichigh.de\/wp_ph_de\/wp-content\/gallery\/090921_abbaie_fontfroide\/thumbs\/thumbs_fontfroide_13_1ds_1331.jpg\"\n                    width=\"150\"\n                    height=\"100\"\n                    style=\"max-width:100%;\"\n                \/>\n            <\/a>\n        <\/div>\n\t\t\t\t\t\t\t<\/div> \n\t\t\t\n        \n\t\t\n\t\t<!-- Pagination -->\n\t<div class='ngg-clear'><\/div>\t<\/div>\n<\/span><\/span><\/p>\n<p><!--:--><\/p>\n","protected":false},"excerpt":{"rendered":"<p>Im Jahr 1093 wird in Fontfroide ein Benediktinerkloster gegr\u00fcndet, das sich aus Anlass des Aufenthalts des heiligen Bernhards im Languedoc 1145 dem Orden der Zisterzienser anschliesst. Mit dem Bau der Klosterkirche wird in diesem Jahr begonnen. Das spitzbogige Tonnengew\u00f6lbe erhebt sich bis in 20 m H\u00f6he und ist ein beeindruckendes Beispiel f\u00fcr die Schlichtheit zisterziensischer [&hellip;]<\/p>\n","protected":false},"author":2,"featured_media":0,"comment_status":"closed","ping_status":"closed","sticky":false,"template":"","format":"standard","meta":{"_s2mail":"","ngg_post_thumbnail":0},"categories":[2],"tags":[],"_links":{"self":[{"href":"http:\/\/pacifichigh.de\/wp_ph_de\/index.php?rest_route=\/wp\/v2\/posts\/1950"}],"collection":[{"href":"http:\/\/pacifichigh.de\/wp_ph_de\/index.php?rest_route=\/wp\/v2\/posts"}],"about":[{"href":"http:\/\/pacifichigh.de\/wp_ph_de\/index.php?rest_route=\/wp\/v2\/types\/post"}],"author":[{"embeddable":true,"href":"http:\/\/pacifichigh.de\/wp_ph_de\/index.php?rest_route=\/wp\/v2\/users\/2"}],"replies":[{"embeddable":true,"href":"http:\/\/pacifichigh.de\/wp_ph_de\/index.php?rest_route=%2Fwp%2Fv2%2Fcomments&post=1950"}],"version-history":[{"count":0,"href":"http:\/\/pacifichigh.de\/wp_ph_de\/index.php?rest_route=\/wp\/v2\/posts\/1950\/revisions"}],"wp:attachment":[{"href":"http:\/\/pacifichigh.de\/wp_ph_de\/index.php?rest_route=%2Fwp%2Fv2%2Fmedia&parent=1950"}],"wp:term":[{"taxonomy":"category","embeddable":true,"href":"http:\/\/pacifichigh.de\/wp_ph_de\/index.php?rest_route=%2Fwp%2Fv2%2Fcategories&post=1950"},{"taxonomy":"post_tag","embeddable":true,"href":"http:\/\/pacifichigh.de\/wp_ph_de\/index.php?rest_route=%2Fwp%2Fv2%2Ftags&post=1950"}],"curies":[{"name":"wp","href":"https:\/\/api.w.org\/{rel}","templated":true}]}}