{"id":1922,"date":"2009-08-27T10:44:48","date_gmt":"2009-08-27T11:44:48","guid":{"rendered":"http:\/\/pacifichigh.de\/wp_ph_de\/?p=1922"},"modified":"2015-12-25T09:00:31","modified_gmt":"2015-12-25T20:00:31","slug":"august-2009-mallorca-3august-2009-mallorca-3august-2009-mallorca-3august-2009-mallorca-3","status":"publish","type":"post","link":"http:\/\/pacifichigh.de\/wp_ph_de\/?p=1922","title":{"rendered":"August 2009 \u2013 Mallorca 3August 2009 \u2013 Mallorca 3August 2009 \u2013 Mallorca 3August 2009 \u2013 Mallorca 3"},"content":{"rendered":"<p><!--:de-->In Port de Soller hatten wir dann G\u00e4stewechsel: Familie Pittel ging von Bord um noch ein paar Tage Hotelurlaub auf Mallorca zu genie\u00dfen und Marliese, Lisa und Maxi kamen an Bord. Nach einem Tagesausflug in das malerische D\u00f6rfchen Valdemossa sind wir mit Ihnen weiter um die Insel gesegelt: Cap Formentor, Pollenca, Alcudia, Cap de Ferrutx, Capdepera bis nach Porto Christo. Lag es an den vielen sch\u00f6nen Sandbuchten die uns aufgehalten haben oder am mangelnden Wind? Auf jeden Fall haben wir Mallorca nicht ganz umrundet und den S\u00fcden ausgespart. Jetzt sind sie leider schon wieder zur\u00fcck nach Bayern geflogen und wir machen uns auf nach Gruissan \/ Frankreich &#8230;<\/p>\n<p><!-- index.php -->\n<div\n\tclass=\"ngg-galleryoverview ngg-ajax-pagination-none\"\n\tid=\"ngg-gallery-b0692fc6d75c686bceaa47f940a2319a-1\">\n\n    \t<div class=\"slideshowlink\">\n        <a href='http:\/\/pacifichigh.de\/wp_ph_de\/index.php\/nggallery\/slideshow?p=1922'>[Show slideshow]<\/a>\n\t\t\n\t<\/div>\n\t\t\t<!-- Thumbnails -->\n\t\t\t\t<div id=\"ngg-image-0\" class=\"ngg-gallery-thumbnail-box\" >\n\t\t\t\t        <div class=\"ngg-gallery-thumbnail\">\n            <a href=\"http:\/\/pacifichigh.de\/wp_ph_de\/wp-content\/gallery\/0908_03_mallorca3\/august_062.jpg\"\n               title=\"Ausflug in das malerische Valdemossa. Eigentlich nur wenige km entfernt. Diese extrem kurvige, steile und schmale Bergstrasse mit einem altersschwachen Doppeldeckerbus u fahren war allein schon ein Abenteuer\"\n               data-src=\"http:\/\/pacifichigh.de\/wp_ph_de\/wp-content\/gallery\/0908_03_mallorca3\/august_062.jpg\"\n               data-thumbnail=\"http:\/\/pacifichigh.de\/wp_ph_de\/wp-content\/gallery\/0908_03_mallorca3\/thumbs\/thumbs_august_062.jpg\"\n               data-image-id=\"1423\"\n               data-title=\"august_062.jpg\"\n               data-description=\"Ausflug in das malerische Valdemossa. Eigentlich nur wenige km entfernt. Diese extrem kurvige, steile und schmale Bergstrasse mit einem altersschwachen Doppeldeckerbus u fahren war allein schon ein Abenteuer\"\n               data-image-slug=\"august_062-jpg\"\n               class=\"ngg-fancybox\" rel=\"b0692fc6d75c686bceaa47f940a2319a\">\n                <img\n                    title=\"august_062.jpg\"\n                    alt=\"august_062.jpg\"\n                    src=\"http:\/\/pacifichigh.de\/wp_ph_de\/wp-content\/gallery\/0908_03_mallorca3\/thumbs\/thumbs_august_062.jpg\"\n                    width=\"150\"\n                    height=\"100\"\n                    style=\"max-width:100%;\"\n                \/>\n            <\/a>\n        <\/div>\n\t\t\t\t\t\t\t<\/div> \n\t\t\t\n        \n\t\t\t\t<div id=\"ngg-image-1\" class=\"ngg-gallery-thumbnail-box\" >\n\t\t\t\t        <div class=\"ngg-gallery-thumbnail\">\n            <a href=\"http:\/\/pacifichigh.de\/wp_ph_de\/wp-content\/gallery\/0908_03_mallorca3\/august_063.jpg\"\n               title=\"Von links nach rechts: Marliese, Lisa, maxi, Kolja, Helena &amp; Anita auf dem Weg zum k\u00f6niglichen Kart\u00e4userkloster Jesus Natzare\"\n               data-src=\"http:\/\/pacifichigh.de\/wp_ph_de\/wp-content\/gallery\/0908_03_mallorca3\/august_063.jpg\"\n               data-thumbnail=\"http:\/\/pacifichigh.de\/wp_ph_de\/wp-content\/gallery\/0908_03_mallorca3\/thumbs\/thumbs_august_063.jpg\"\n               data-image-id=\"1424\"\n               data-title=\"august_063.jpg\"\n               data-description=\"Von links nach rechts: Marliese, Lisa, maxi, Kolja, Helena &amp; Anita auf dem Weg zum k\u00f6niglichen Kart\u00e4userkloster Jesus Natzare\"\n               data-image-slug=\"august_063-jpg\"\n               class=\"ngg-fancybox\" rel=\"b0692fc6d75c686bceaa47f940a2319a\">\n                <img\n                    title=\"august_063.jpg\"\n                    alt=\"august_063.jpg\"\n                    src=\"http:\/\/pacifichigh.de\/wp_ph_de\/wp-content\/gallery\/0908_03_mallorca3\/thumbs\/thumbs_august_063.jpg\"\n                    width=\"150\"\n                    height=\"100\"\n                    style=\"max-width:100%;\"\n                \/>\n            <\/a>\n        <\/div>\n\t\t\t\t\t\t\t<\/div> \n\t\t\t\n        \n\t\t\t\t<div id=\"ngg-image-2\" class=\"ngg-gallery-thumbnail-box\" >\n\t\t\t\t        <div class=\"ngg-gallery-thumbnail\">\n            <a href=\"http:\/\/pacifichigh.de\/wp_ph_de\/wp-content\/gallery\/0908_03_mallorca3\/august_064.jpg\"\n               title=\"Stop zum shoppen \u2013 auch wenn es nur Softdrinks sind\"\n               data-src=\"http:\/\/pacifichigh.de\/wp_ph_de\/wp-content\/gallery\/0908_03_mallorca3\/august_064.jpg\"\n               data-thumbnail=\"http:\/\/pacifichigh.de\/wp_ph_de\/wp-content\/gallery\/0908_03_mallorca3\/thumbs\/thumbs_august_064.jpg\"\n               data-image-id=\"1425\"\n               data-title=\"august_064.jpg\"\n               data-description=\"Stop zum shoppen \u2013 auch wenn es nur Softdrinks sind\"\n               data-image-slug=\"august_064-jpg\"\n               class=\"ngg-fancybox\" rel=\"b0692fc6d75c686bceaa47f940a2319a\">\n                <img\n                    title=\"august_064.jpg\"\n                    alt=\"august_064.jpg\"\n                    src=\"http:\/\/pacifichigh.de\/wp_ph_de\/wp-content\/gallery\/0908_03_mallorca3\/thumbs\/thumbs_august_064.jpg\"\n                    width=\"150\"\n                    height=\"100\"\n                    style=\"max-width:100%;\"\n                \/>\n            <\/a>\n        <\/div>\n\t\t\t\t\t\t\t<\/div> \n\t\t\t\n        \n\t\t\t\t<div id=\"ngg-image-3\" class=\"ngg-gallery-thumbnail-box\" >\n\t\t\t\t        <div class=\"ngg-gallery-thumbnail\">\n            <a href=\"http:\/\/pacifichigh.de\/wp_ph_de\/wp-content\/gallery\/0908_03_mallorca3\/august_065.jpg\"\n               title=\"Marliese und Maxi haben etwas gefunden\"\n               data-src=\"http:\/\/pacifichigh.de\/wp_ph_de\/wp-content\/gallery\/0908_03_mallorca3\/august_065.jpg\"\n               data-thumbnail=\"http:\/\/pacifichigh.de\/wp_ph_de\/wp-content\/gallery\/0908_03_mallorca3\/thumbs\/thumbs_august_065.jpg\"\n               data-image-id=\"1426\"\n               data-title=\"august_065.jpg\"\n               data-description=\"Marliese und Maxi haben etwas gefunden\"\n               data-image-slug=\"august_065-jpg\"\n               class=\"ngg-fancybox\" rel=\"b0692fc6d75c686bceaa47f940a2319a\">\n                <img\n                    title=\"august_065.jpg\"\n                    alt=\"august_065.jpg\"\n                    src=\"http:\/\/pacifichigh.de\/wp_ph_de\/wp-content\/gallery\/0908_03_mallorca3\/thumbs\/thumbs_august_065.jpg\"\n                    width=\"150\"\n                    height=\"100\"\n                    style=\"max-width:100%;\"\n                \/>\n            <\/a>\n        <\/div>\n\t\t\t\t\t\t\t<\/div> \n\t\t\t\n        \n\t\t\t\t<div id=\"ngg-image-4\" class=\"ngg-gallery-thumbnail-box\" >\n\t\t\t\t        <div class=\"ngg-gallery-thumbnail\">\n            <a href=\"http:\/\/pacifichigh.de\/wp_ph_de\/wp-content\/gallery\/0908_03_mallorca3\/august_066.jpg\"\n               title=\"Blick vom Kart\u00e4userkloster \u00fcber Valdemossa mit der Pfarrkirche aus dem 13ten Jahrhundert\"\n               data-src=\"http:\/\/pacifichigh.de\/wp_ph_de\/wp-content\/gallery\/0908_03_mallorca3\/august_066.jpg\"\n               data-thumbnail=\"http:\/\/pacifichigh.de\/wp_ph_de\/wp-content\/gallery\/0908_03_mallorca3\/thumbs\/thumbs_august_066.jpg\"\n               data-image-id=\"1427\"\n               data-title=\"august_066.jpg\"\n               data-description=\"Blick vom Kart\u00e4userkloster \u00fcber Valdemossa mit der Pfarrkirche aus dem 13ten Jahrhundert\"\n               data-image-slug=\"august_066-jpg\"\n               class=\"ngg-fancybox\" rel=\"b0692fc6d75c686bceaa47f940a2319a\">\n                <img\n                    title=\"august_066.jpg\"\n                    alt=\"august_066.jpg\"\n                    src=\"http:\/\/pacifichigh.de\/wp_ph_de\/wp-content\/gallery\/0908_03_mallorca3\/thumbs\/thumbs_august_066.jpg\"\n                    width=\"150\"\n                    height=\"100\"\n                    style=\"max-width:100%;\"\n                \/>\n            <\/a>\n        <\/div>\n\t\t\t\t\t\t\t<\/div> \n\t\t\t\n        \n\t\t\t\t<div id=\"ngg-image-5\" class=\"ngg-gallery-thumbnail-box\" >\n\t\t\t\t        <div class=\"ngg-gallery-thumbnail\">\n            <a href=\"http:\/\/pacifichigh.de\/wp_ph_de\/wp-content\/gallery\/0908_03_mallorca3\/august_067.jpg\"\n               title=\"Erkennt Ihr die Treppe aus Steinstufen die aus der Mauer ragen? Es gibt sogar ein Treppengel\u00e4nder\"\n               data-src=\"http:\/\/pacifichigh.de\/wp_ph_de\/wp-content\/gallery\/0908_03_mallorca3\/august_067.jpg\"\n               data-thumbnail=\"http:\/\/pacifichigh.de\/wp_ph_de\/wp-content\/gallery\/0908_03_mallorca3\/thumbs\/thumbs_august_067.jpg\"\n               data-image-id=\"1428\"\n               data-title=\"august_067.jpg\"\n               data-description=\"Erkennt Ihr die Treppe aus Steinstufen die aus der Mauer ragen? Es gibt sogar ein Treppengel\u00e4nder\"\n               data-image-slug=\"august_067-jpg\"\n               class=\"ngg-fancybox\" rel=\"b0692fc6d75c686bceaa47f940a2319a\">\n                <img\n                    title=\"august_067.jpg\"\n                    alt=\"august_067.jpg\"\n                    src=\"http:\/\/pacifichigh.de\/wp_ph_de\/wp-content\/gallery\/0908_03_mallorca3\/thumbs\/thumbs_august_067.jpg\"\n                    width=\"150\"\n                    height=\"100\"\n                    style=\"max-width:100%;\"\n                \/>\n            <\/a>\n        <\/div>\n\t\t\t\t\t\t\t<\/div> \n\t\t\t\n        \n\t\t\t\t<div id=\"ngg-image-6\" class=\"ngg-gallery-thumbnail-box\" >\n\t\t\t\t        <div class=\"ngg-gallery-thumbnail\">\n            <a href=\"http:\/\/pacifichigh.de\/wp_ph_de\/wp-content\/gallery\/0908_03_mallorca3\/august_068.jpg\"\n               title=\"Kurze Rast im Garten...\"\n               data-src=\"http:\/\/pacifichigh.de\/wp_ph_de\/wp-content\/gallery\/0908_03_mallorca3\/august_068.jpg\"\n               data-thumbnail=\"http:\/\/pacifichigh.de\/wp_ph_de\/wp-content\/gallery\/0908_03_mallorca3\/thumbs\/thumbs_august_068.jpg\"\n               data-image-id=\"1429\"\n               data-title=\"august_068.jpg\"\n               data-description=\"Kurze Rast im Garten...\"\n               data-image-slug=\"august_068-jpg\"\n               class=\"ngg-fancybox\" rel=\"b0692fc6d75c686bceaa47f940a2319a\">\n                <img\n                    title=\"august_068.jpg\"\n                    alt=\"august_068.jpg\"\n                    src=\"http:\/\/pacifichigh.de\/wp_ph_de\/wp-content\/gallery\/0908_03_mallorca3\/thumbs\/thumbs_august_068.jpg\"\n                    width=\"150\"\n                    height=\"100\"\n                    style=\"max-width:100%;\"\n                \/>\n            <\/a>\n        <\/div>\n\t\t\t\t\t\t\t<\/div> \n\t\t\t\n        \n\t\t\t\t<div id=\"ngg-image-7\" class=\"ngg-gallery-thumbnail-box\" >\n\t\t\t\t        <div class=\"ngg-gallery-thumbnail\">\n            <a href=\"http:\/\/pacifichigh.de\/wp_ph_de\/wp-content\/gallery\/0908_03_mallorca3\/august_069.jpg\"\n               title=\"... danach Besichtigng des Glockenturmes des Kart\u00e4userkloster\"\n               data-src=\"http:\/\/pacifichigh.de\/wp_ph_de\/wp-content\/gallery\/0908_03_mallorca3\/august_069.jpg\"\n               data-thumbnail=\"http:\/\/pacifichigh.de\/wp_ph_de\/wp-content\/gallery\/0908_03_mallorca3\/thumbs\/thumbs_august_069.jpg\"\n               data-image-id=\"1430\"\n               data-title=\"august_069.jpg\"\n               data-description=\"... danach Besichtigng des Glockenturmes des Kart\u00e4userkloster\"\n               data-image-slug=\"august_069-jpg\"\n               class=\"ngg-fancybox\" rel=\"b0692fc6d75c686bceaa47f940a2319a\">\n                <img\n                    title=\"august_069.jpg\"\n                    alt=\"august_069.jpg\"\n                    src=\"http:\/\/pacifichigh.de\/wp_ph_de\/wp-content\/gallery\/0908_03_mallorca3\/thumbs\/thumbs_august_069.jpg\"\n                    width=\"150\"\n                    height=\"100\"\n                    style=\"max-width:100%;\"\n                \/>\n            <\/a>\n        <\/div>\n\t\t\t\t\t\t\t<\/div> \n\t\t\t\n        \n\t\t\t\t<div id=\"ngg-image-8\" class=\"ngg-gallery-thumbnail-box\" >\n\t\t\t\t        <div class=\"ngg-gallery-thumbnail\">\n            <a href=\"http:\/\/pacifichigh.de\/wp_ph_de\/wp-content\/gallery\/0908_03_mallorca3\/august_071.jpg\"\n               title=\"Valdemossa ist ein sehr gepflegtes Dorf. Auch die Gassen Abseits des Touristenstroms sind gut erhalten und...\"\n               data-src=\"http:\/\/pacifichigh.de\/wp_ph_de\/wp-content\/gallery\/0908_03_mallorca3\/august_071.jpg\"\n               data-thumbnail=\"http:\/\/pacifichigh.de\/wp_ph_de\/wp-content\/gallery\/0908_03_mallorca3\/thumbs\/thumbs_august_071.jpg\"\n               data-image-id=\"1432\"\n               data-title=\"august_071.jpg\"\n               data-description=\"Valdemossa ist ein sehr gepflegtes Dorf. Auch die Gassen Abseits des Touristenstroms sind gut erhalten und...\"\n               data-image-slug=\"august_071-jpg\"\n               class=\"ngg-fancybox\" rel=\"b0692fc6d75c686bceaa47f940a2319a\">\n                <img\n                    title=\"august_071.jpg\"\n                    alt=\"august_071.jpg\"\n                    src=\"http:\/\/pacifichigh.de\/wp_ph_de\/wp-content\/gallery\/0908_03_mallorca3\/thumbs\/thumbs_august_071.jpg\"\n                    width=\"150\"\n                    height=\"100\"\n                    style=\"max-width:100%;\"\n                \/>\n            <\/a>\n        <\/div>\n\t\t\t\t\t\t\t<\/div> \n\t\t\t\n        \n\t\t\t\t<div id=\"ngg-image-9\" class=\"ngg-gallery-thumbnail-box\" >\n\t\t\t\t        <div class=\"ngg-gallery-thumbnail\">\n            <a href=\"http:\/\/pacifichigh.de\/wp_ph_de\/wp-content\/gallery\/0908_03_mallorca3\/august_072.jpg\"\n               title=\"... mit viel Liebe gepflegt. Man merkt dass dies nicht nur ein Ort f\u00fcr Touristen mit Wochenend Ferienh\u00e4usern ist, sondern hier ganz \u201enormale\u201c Menschen leben.\"\n               data-src=\"http:\/\/pacifichigh.de\/wp_ph_de\/wp-content\/gallery\/0908_03_mallorca3\/august_072.jpg\"\n               data-thumbnail=\"http:\/\/pacifichigh.de\/wp_ph_de\/wp-content\/gallery\/0908_03_mallorca3\/thumbs\/thumbs_august_072.jpg\"\n               data-image-id=\"1433\"\n               data-title=\"august_072.jpg\"\n               data-description=\"... mit viel Liebe gepflegt. Man merkt dass dies nicht nur ein Ort f\u00fcr Touristen mit Wochenend Ferienh\u00e4usern ist, sondern hier ganz \u201enormale\u201c Menschen leben.\"\n               data-image-slug=\"august_072-jpg\"\n               class=\"ngg-fancybox\" rel=\"b0692fc6d75c686bceaa47f940a2319a\">\n                <img\n                    title=\"august_072.jpg\"\n                    alt=\"august_072.jpg\"\n                    src=\"http:\/\/pacifichigh.de\/wp_ph_de\/wp-content\/gallery\/0908_03_mallorca3\/thumbs\/thumbs_august_072.jpg\"\n                    width=\"150\"\n                    height=\"100\"\n                    style=\"max-width:100%;\"\n                \/>\n            <\/a>\n        <\/div>\n\t\t\t\t\t\t\t<\/div> \n\t\t\t\n        \n\t\t\t\t<div id=\"ngg-image-10\" class=\"ngg-gallery-thumbnail-box\" >\n\t\t\t\t        <div class=\"ngg-gallery-thumbnail\">\n            <a href=\"http:\/\/pacifichigh.de\/wp_ph_de\/wp-content\/gallery\/0908_03_mallorca3\/august_073.jpg\"\n               title=\"Wenn man diese engen kleinen Gassen sieht...\"\n               data-src=\"http:\/\/pacifichigh.de\/wp_ph_de\/wp-content\/gallery\/0908_03_mallorca3\/august_073.jpg\"\n               data-thumbnail=\"http:\/\/pacifichigh.de\/wp_ph_de\/wp-content\/gallery\/0908_03_mallorca3\/thumbs\/thumbs_august_073.jpg\"\n               data-image-id=\"1434\"\n               data-title=\"august_073.jpg\"\n               data-description=\"Wenn man diese engen kleinen Gassen sieht...\"\n               data-image-slug=\"august_073-jpg\"\n               class=\"ngg-fancybox\" rel=\"b0692fc6d75c686bceaa47f940a2319a\">\n                <img\n                    title=\"august_073.jpg\"\n                    alt=\"august_073.jpg\"\n                    src=\"http:\/\/pacifichigh.de\/wp_ph_de\/wp-content\/gallery\/0908_03_mallorca3\/thumbs\/thumbs_august_073.jpg\"\n                    width=\"150\"\n                    height=\"100\"\n                    style=\"max-width:100%;\"\n                \/>\n            <\/a>\n        <\/div>\n\t\t\t\t\t\t\t<\/div> \n\t\t\t\n        \n\t\t\t\t<div id=\"ngg-image-11\" class=\"ngg-gallery-thumbnail-box\" >\n\t\t\t\t        <div class=\"ngg-gallery-thumbnail\">\n            <a href=\"http:\/\/pacifichigh.de\/wp_ph_de\/wp-content\/gallery\/0908_03_mallorca3\/august_074.jpg\"\n               title=\"... erschreckt man wenn pl\u00f6tzlich ein Gel\u00e4ndewagen an einem vorbeif\u00e4hrt und hinter einem scharfen Linksknick wieder verschwindet. Es war eine Arbeiterin die mit Einkaufstaschen bepackt in dem n\u00e4chsten Hauseingang verschwand\"\n               data-src=\"http:\/\/pacifichigh.de\/wp_ph_de\/wp-content\/gallery\/0908_03_mallorca3\/august_074.jpg\"\n               data-thumbnail=\"http:\/\/pacifichigh.de\/wp_ph_de\/wp-content\/gallery\/0908_03_mallorca3\/thumbs\/thumbs_august_074.jpg\"\n               data-image-id=\"1435\"\n               data-title=\"august_074.jpg\"\n               data-description=\"... erschreckt man wenn pl\u00f6tzlich ein Gel\u00e4ndewagen an einem vorbeif\u00e4hrt und hinter einem scharfen Linksknick wieder verschwindet. Es war eine Arbeiterin die mit Einkaufstaschen bepackt in dem n\u00e4chsten Hauseingang verschwand\"\n               data-image-slug=\"august_074-jpg\"\n               class=\"ngg-fancybox\" rel=\"b0692fc6d75c686bceaa47f940a2319a\">\n                <img\n                    title=\"august_074.jpg\"\n                    alt=\"august_074.jpg\"\n                    src=\"http:\/\/pacifichigh.de\/wp_ph_de\/wp-content\/gallery\/0908_03_mallorca3\/thumbs\/thumbs_august_074.jpg\"\n                    width=\"150\"\n                    height=\"100\"\n                    style=\"max-width:100%;\"\n                \/>\n            <\/a>\n        <\/div>\n\t\t\t\t\t\t\t<\/div> \n\t\t\t\n        \n\t\t\t\t<div id=\"ngg-image-12\" class=\"ngg-gallery-thumbnail-box\" >\n\t\t\t\t        <div class=\"ngg-gallery-thumbnail\">\n            <a href=\"http:\/\/pacifichigh.de\/wp_ph_de\/wp-content\/gallery\/0908_03_mallorca3\/august_075.jpg\"\n               title=\"Es wir wieder gesegelt und Maxi, Kolja, Helena &amp; Lisa machen es sich im Trampolin bequem\"\n               data-src=\"http:\/\/pacifichigh.de\/wp_ph_de\/wp-content\/gallery\/0908_03_mallorca3\/august_075.jpg\"\n               data-thumbnail=\"http:\/\/pacifichigh.de\/wp_ph_de\/wp-content\/gallery\/0908_03_mallorca3\/thumbs\/thumbs_august_075.jpg\"\n               data-image-id=\"1436\"\n               data-title=\"august_075.jpg\"\n               data-description=\"Es wir wieder gesegelt und Maxi, Kolja, Helena &amp; Lisa machen es sich im Trampolin bequem\"\n               data-image-slug=\"august_075-jpg\"\n               class=\"ngg-fancybox\" rel=\"b0692fc6d75c686bceaa47f940a2319a\">\n                <img\n                    title=\"august_075.jpg\"\n                    alt=\"august_075.jpg\"\n                    src=\"http:\/\/pacifichigh.de\/wp_ph_de\/wp-content\/gallery\/0908_03_mallorca3\/thumbs\/thumbs_august_075.jpg\"\n                    width=\"150\"\n                    height=\"100\"\n                    style=\"max-width:100%;\"\n                \/>\n            <\/a>\n        <\/div>\n\t\t\t\t\t\t\t<\/div> \n\t\t\t\n        \n\t\t\t\t<div id=\"ngg-image-13\" class=\"ngg-gallery-thumbnail-box\" >\n\t\t\t\t        <div class=\"ngg-gallery-thumbnail\">\n            <a href=\"http:\/\/pacifichigh.de\/wp_ph_de\/wp-content\/gallery\/0908_03_mallorca3\/august_076.jpg\"\n               title=\"Wir kreuzen gegen wenig Wind Richtung Cap Formentor... warum kommt eigentlich immer der Wind aus der Richtung in die wir gerade segeln wollen?\"\n               data-src=\"http:\/\/pacifichigh.de\/wp_ph_de\/wp-content\/gallery\/0908_03_mallorca3\/august_076.jpg\"\n               data-thumbnail=\"http:\/\/pacifichigh.de\/wp_ph_de\/wp-content\/gallery\/0908_03_mallorca3\/thumbs\/thumbs_august_076.jpg\"\n               data-image-id=\"1437\"\n               data-title=\"august_076.jpg\"\n               data-description=\"Wir kreuzen gegen wenig Wind Richtung Cap Formentor... warum kommt eigentlich immer der Wind aus der Richtung in die wir gerade segeln wollen?\"\n               data-image-slug=\"august_076-jpg\"\n               class=\"ngg-fancybox\" rel=\"b0692fc6d75c686bceaa47f940a2319a\">\n                <img\n                    title=\"august_076.jpg\"\n                    alt=\"august_076.jpg\"\n                    src=\"http:\/\/pacifichigh.de\/wp_ph_de\/wp-content\/gallery\/0908_03_mallorca3\/thumbs\/thumbs_august_076.jpg\"\n                    width=\"150\"\n                    height=\"100\"\n                    style=\"max-width:100%;\"\n                \/>\n            <\/a>\n        <\/div>\n\t\t\t\t\t\t\t<\/div> \n\t\t\t\n        \n\t\t\t\t<div id=\"ngg-image-14\" class=\"ngg-gallery-thumbnail-box\" >\n\t\t\t\t        <div class=\"ngg-gallery-thumbnail\">\n            <a href=\"http:\/\/pacifichigh.de\/wp_ph_de\/wp-content\/gallery\/0908_03_mallorca3\/august_077.jpg\"\n               title=\"Hinter dem Cap Formentor liegt Puerto de Polenca. Dort ankern wir und st\u00e4rken uns in einem netten kleinen Lokal\"\n               data-src=\"http:\/\/pacifichigh.de\/wp_ph_de\/wp-content\/gallery\/0908_03_mallorca3\/august_077.jpg\"\n               data-thumbnail=\"http:\/\/pacifichigh.de\/wp_ph_de\/wp-content\/gallery\/0908_03_mallorca3\/thumbs\/thumbs_august_077.jpg\"\n               data-image-id=\"1438\"\n               data-title=\"august_077.jpg\"\n               data-description=\"Hinter dem Cap Formentor liegt Puerto de Polenca. Dort ankern wir und st\u00e4rken uns in einem netten kleinen Lokal\"\n               data-image-slug=\"august_077-jpg\"\n               class=\"ngg-fancybox\" rel=\"b0692fc6d75c686bceaa47f940a2319a\">\n                <img\n                    title=\"august_077.jpg\"\n                    alt=\"august_077.jpg\"\n                    src=\"http:\/\/pacifichigh.de\/wp_ph_de\/wp-content\/gallery\/0908_03_mallorca3\/thumbs\/thumbs_august_077.jpg\"\n                    width=\"133\"\n                    height=\"100\"\n                    style=\"max-width:100%;\"\n                \/>\n            <\/a>\n        <\/div>\n\t\t\t\t\t\t\t<\/div> \n\t\t\t\n        \n\t\t\t\t<div id=\"ngg-image-15\" class=\"ngg-gallery-thumbnail-box\" >\n\t\t\t\t        <div class=\"ngg-gallery-thumbnail\">\n            <a href=\"http:\/\/pacifichigh.de\/wp_ph_de\/wp-content\/gallery\/0908_03_mallorca3\/august_078.jpg\"\n               title=\"Frisch zubereitete Tapas: lecker!\"\n               data-src=\"http:\/\/pacifichigh.de\/wp_ph_de\/wp-content\/gallery\/0908_03_mallorca3\/august_078.jpg\"\n               data-thumbnail=\"http:\/\/pacifichigh.de\/wp_ph_de\/wp-content\/gallery\/0908_03_mallorca3\/thumbs\/thumbs_august_078.jpg\"\n               data-image-id=\"1439\"\n               data-title=\"august_078.jpg\"\n               data-description=\"Frisch zubereitete Tapas: lecker!\"\n               data-image-slug=\"august_078-jpg\"\n               class=\"ngg-fancybox\" rel=\"b0692fc6d75c686bceaa47f940a2319a\">\n                <img\n                    title=\"august_078.jpg\"\n                    alt=\"august_078.jpg\"\n                    src=\"http:\/\/pacifichigh.de\/wp_ph_de\/wp-content\/gallery\/0908_03_mallorca3\/thumbs\/thumbs_august_078.jpg\"\n                    width=\"133\"\n                    height=\"100\"\n                    style=\"max-width:100%;\"\n                \/>\n            <\/a>\n        <\/div>\n\t\t\t\t\t\t\t<\/div> \n\t\t\t\n        \n\t\t\t\t<div id=\"ngg-image-16\" class=\"ngg-gallery-thumbnail-box\" >\n\t\t\t\t        <div class=\"ngg-gallery-thumbnail\">\n            <a href=\"http:\/\/pacifichigh.de\/wp_ph_de\/wp-content\/gallery\/0908_03_mallorca3\/august_079.jpg\"\n               title=\"\"\n               data-src=\"http:\/\/pacifichigh.de\/wp_ph_de\/wp-content\/gallery\/0908_03_mallorca3\/august_079.jpg\"\n               data-thumbnail=\"http:\/\/pacifichigh.de\/wp_ph_de\/wp-content\/gallery\/0908_03_mallorca3\/thumbs\/thumbs_august_079.jpg\"\n               data-image-id=\"1440\"\n               data-title=\"august_079.jpg\"\n               data-description=\"\"\n               data-image-slug=\"august_079-jpg\"\n               class=\"ngg-fancybox\" rel=\"b0692fc6d75c686bceaa47f940a2319a\">\n                <img\n                    title=\"august_079.jpg\"\n                    alt=\"august_079.jpg\"\n                    src=\"http:\/\/pacifichigh.de\/wp_ph_de\/wp-content\/gallery\/0908_03_mallorca3\/thumbs\/thumbs_august_079.jpg\"\n                    width=\"150\"\n                    height=\"100\"\n                    style=\"max-width:100%;\"\n                \/>\n            <\/a>\n        <\/div>\n\t\t\t\t\t\t\t<\/div> \n\t\t\t\n        \n\t\t\t\t<div id=\"ngg-image-17\" class=\"ngg-gallery-thumbnail-box\" >\n\t\t\t\t        <div class=\"ngg-gallery-thumbnail\">\n            <a href=\"http:\/\/pacifichigh.de\/wp_ph_de\/wp-content\/gallery\/0908_03_mallorca3\/august_080.jpg\"\n               title=\"Dieses traumhafte Schloss mit seinen gepflegten Parkanlagen wollten wir besichtigen, mussten aber leider feststellen, dass es in Privatbesitz ist und der \u00d6ffentlichkeit nicht zug\u00e4nglich\"\n               data-src=\"http:\/\/pacifichigh.de\/wp_ph_de\/wp-content\/gallery\/0908_03_mallorca3\/august_080.jpg\"\n               data-thumbnail=\"http:\/\/pacifichigh.de\/wp_ph_de\/wp-content\/gallery\/0908_03_mallorca3\/thumbs\/thumbs_august_080.jpg\"\n               data-image-id=\"1441\"\n               data-title=\"august_080.jpg\"\n               data-description=\"Dieses traumhafte Schloss mit seinen gepflegten Parkanlagen wollten wir besichtigen, mussten aber leider feststellen, dass es in Privatbesitz ist und der \u00d6ffentlichkeit nicht zug\u00e4nglich\"\n               data-image-slug=\"august_080-jpg\"\n               class=\"ngg-fancybox\" rel=\"b0692fc6d75c686bceaa47f940a2319a\">\n                <img\n                    title=\"august_080.jpg\"\n                    alt=\"august_080.jpg\"\n                    src=\"http:\/\/pacifichigh.de\/wp_ph_de\/wp-content\/gallery\/0908_03_mallorca3\/thumbs\/thumbs_august_080.jpg\"\n                    width=\"150\"\n                    height=\"100\"\n                    style=\"max-width:100%;\"\n                \/>\n            <\/a>\n        <\/div>\n\t\t\t\t\t\t\t<\/div> \n\t\t\t\n        \n\t\t\t\t<div id=\"ngg-image-18\" class=\"ngg-gallery-thumbnail-box\" >\n\t\t\t\t        <div class=\"ngg-gallery-thumbnail\">\n            <a href=\"http:\/\/pacifichigh.de\/wp_ph_de\/wp-content\/gallery\/0908_03_mallorca3\/august_081.jpg\"\n               title=\"Macht auch nichts, der grandiose Ausblick auf den Leuchtturm und das Anwesen dahinter waren den Ausflug wert\"\n               data-src=\"http:\/\/pacifichigh.de\/wp_ph_de\/wp-content\/gallery\/0908_03_mallorca3\/august_081.jpg\"\n               data-thumbnail=\"http:\/\/pacifichigh.de\/wp_ph_de\/wp-content\/gallery\/0908_03_mallorca3\/thumbs\/thumbs_august_081.jpg\"\n               data-image-id=\"1442\"\n               data-title=\"august_081.jpg\"\n               data-description=\"Macht auch nichts, der grandiose Ausblick auf den Leuchtturm und das Anwesen dahinter waren den Ausflug wert\"\n               data-image-slug=\"august_081-jpg\"\n               class=\"ngg-fancybox\" rel=\"b0692fc6d75c686bceaa47f940a2319a\">\n                <img\n                    title=\"august_081.jpg\"\n                    alt=\"august_081.jpg\"\n                    src=\"http:\/\/pacifichigh.de\/wp_ph_de\/wp-content\/gallery\/0908_03_mallorca3\/thumbs\/thumbs_august_081.jpg\"\n                    width=\"150\"\n                    height=\"100\"\n                    style=\"max-width:100%;\"\n                \/>\n            <\/a>\n        <\/div>\n\t\t\t\t\t\t\t<\/div> \n\t\t\t\n        \n\t\t\t\t<div id=\"ngg-image-19\" class=\"ngg-gallery-thumbnail-box\" >\n\t\t\t\t        <div class=\"ngg-gallery-thumbnail\">\n            <a href=\"http:\/\/pacifichigh.de\/wp_ph_de\/wp-content\/gallery\/0908_03_mallorca3\/august_082.jpg\"\n               title=\"Anita &amp; Marliese fahren im Sonnenuntergang an die Strandpromenade\"\n               data-src=\"http:\/\/pacifichigh.de\/wp_ph_de\/wp-content\/gallery\/0908_03_mallorca3\/august_082.jpg\"\n               data-thumbnail=\"http:\/\/pacifichigh.de\/wp_ph_de\/wp-content\/gallery\/0908_03_mallorca3\/thumbs\/thumbs_august_082.jpg\"\n               data-image-id=\"1443\"\n               data-title=\"august_082.jpg\"\n               data-description=\"Anita &amp; Marliese fahren im Sonnenuntergang an die Strandpromenade\"\n               data-image-slug=\"august_082-jpg\"\n               class=\"ngg-fancybox\" rel=\"b0692fc6d75c686bceaa47f940a2319a\">\n                <img\n                    title=\"august_082.jpg\"\n                    alt=\"august_082.jpg\"\n                    src=\"http:\/\/pacifichigh.de\/wp_ph_de\/wp-content\/gallery\/0908_03_mallorca3\/thumbs\/thumbs_august_082.jpg\"\n                    width=\"150\"\n                    height=\"100\"\n                    style=\"max-width:100%;\"\n                \/>\n            <\/a>\n        <\/div>\n\t\t\t\t\t\t\t<\/div> \n\t\t\t\n        \n\t\t\n\t\t<!-- Pagination -->\n\t<div class='ngg-navigation'><span class='current'>1<\/span>\n<a class='page-numbers' data-pageid='2' href='http:\/\/pacifichigh.de\/wp_ph_de\/index.php\/nggallery\/page\/2?p=1922'>2<\/a>\n<a class='prev' href='http:\/\/pacifichigh.de\/wp_ph_de\/index.php\/nggallery\/page\/2?p=1922' data-pageid=2>&#9658;<\/a><\/div>\t<\/div>\n<!--:--><\/p>\n","protected":false},"excerpt":{"rendered":"<p>In Port de Soller hatten wir dann G\u00e4stewechsel: Familie Pittel ging von Bord um noch ein paar Tage Hotelurlaub auf Mallorca zu genie\u00dfen und Marliese, Lisa und Maxi kamen an Bord. Nach einem Tagesausflug in das malerische D\u00f6rfchen Valdemossa sind wir mit Ihnen weiter um die Insel gesegelt: Cap Formentor, Pollenca, Alcudia, Cap de Ferrutx, [&hellip;]<\/p>\n","protected":false},"author":2,"featured_media":0,"comment_status":"closed","ping_status":"closed","sticky":false,"template":"","format":"standard","meta":{"_s2mail":"yes","ngg_post_thumbnail":0},"categories":[2],"tags":[],"_links":{"self":[{"href":"http:\/\/pacifichigh.de\/wp_ph_de\/index.php?rest_route=\/wp\/v2\/posts\/1922"}],"collection":[{"href":"http:\/\/pacifichigh.de\/wp_ph_de\/index.php?rest_route=\/wp\/v2\/posts"}],"about":[{"href":"http:\/\/pacifichigh.de\/wp_ph_de\/index.php?rest_route=\/wp\/v2\/types\/post"}],"author":[{"embeddable":true,"href":"http:\/\/pacifichigh.de\/wp_ph_de\/index.php?rest_route=\/wp\/v2\/users\/2"}],"replies":[{"embeddable":true,"href":"http:\/\/pacifichigh.de\/wp_ph_de\/index.php?rest_route=%2Fwp%2Fv2%2Fcomments&post=1922"}],"version-history":[{"count":1,"href":"http:\/\/pacifichigh.de\/wp_ph_de\/index.php?rest_route=\/wp\/v2\/posts\/1922\/revisions"}],"predecessor-version":[{"id":11034,"href":"http:\/\/pacifichigh.de\/wp_ph_de\/index.php?rest_route=\/wp\/v2\/posts\/1922\/revisions\/11034"}],"wp:attachment":[{"href":"http:\/\/pacifichigh.de\/wp_ph_de\/index.php?rest_route=%2Fwp%2Fv2%2Fmedia&parent=1922"}],"wp:term":[{"taxonomy":"category","embeddable":true,"href":"http:\/\/pacifichigh.de\/wp_ph_de\/index.php?rest_route=%2Fwp%2Fv2%2Fcategories&post=1922"},{"taxonomy":"post_tag","embeddable":true,"href":"http:\/\/pacifichigh.de\/wp_ph_de\/index.php?rest_route=%2Fwp%2Fv2%2Ftags&post=1922"}],"curies":[{"name":"wp","href":"https:\/\/api.w.org\/{rel}","templated":true}]}}