{"id":1918,"date":"2009-08-12T10:41:41","date_gmt":"2009-08-12T11:41:41","guid":{"rendered":" http:\/\/pacifichigh.de\/wp_ph_de\/?p=1918"},"modified":"2009-08-12T10:41:41","modified_gmt":"2009-08-12T11:41:41","slug":"august-2009-mallorca-2august-2009-mallorca-2august-2009-mallorca-2august-2009-mallorca-2","status":"publish","type":"post","link":"http:\/\/pacifichigh.de\/wp_ph_de\/?p=1918","title":{"rendered":"August 2009 \u2013 Mallorca 2"},"content":{"rendered":"<p><a href=\" http:\/\/pacifichigh.de\/wp_ph_de\/wp-content\/uploads\/Bildschirmfoto-Mallorca.jpg\"><img loading=\"lazy\" class=\"aligncenter size-medium wp-image-7615\" alt=\"Bildschirmfoto Mallorca\" src=\" http:\/\/pacifichigh.de\/wp_ph_de\/wp-content\/uploads\/Bildschirmfoto-Mallorca-700x462.jpg\" width=\"700\" height=\"462\" \/><\/a><\/p>\n<p>&nbsp;<\/p>\n<p><!--:de-->Anfang des Monates sind Anita\u2019s Schwester mit Familie zu uns an Bord gekommen. Vielen Dank f\u00fcr die wirklich vielen Bestellungen die Ihr uns mitgebracht habt! Wir sind mit\u00a0 Angelika, J\u00fcrgen, Melanie und Stefan im Uhrzeigersinn um Mallorca herumgesegelt aber leider, wegen fehlender Winde, nur bis Soller \/ sa Calobra gekommen. Angelika und J\u00fcrgen haben, nach einer Eingew\u00f6hnungsphase mit leichter Seekrankheit, toll mit angepackt und wir hatten viel Spa\u00df beim Gennaker und Parasailor segeln. Auch der Ausflug mit dem \u201eRoten Blitz\u201c nach Palma war ein tolles Erlebnis auch wenn die R\u00fcckfahrt nicht wie geplant endete. Wie immer vergeht die Zeit viel zu schnell, aber schaut Euch die Bilder selber an&#8230; (teilweise sind die Bilder von Angelika (vielen Dank!), deswegen bin ich jetzt auch \u00f6fters mal zu sehen.<br \/>\n<!-- index.php -->\n<div\n\tclass=\"ngg-galleryoverview ngg-ajax-pagination-none\"\n\tid=\"ngg-gallery-5d44b54d55007f14dc0718b8b91528e5-1\">\n\n    \t<div class=\"slideshowlink\">\n        <a href='http:\/\/pacifichigh.de\/wp_ph_de\/index.php\/nggallery\/slideshow?p=1918'>[Show slideshow]<\/a>\n\t\t\n\t<\/div>\n\t\t\t<!-- Thumbnails -->\n\t\t\t\t<div id=\"ngg-image-0\" class=\"ngg-gallery-thumbnail-box\" >\n\t\t\t\t        <div class=\"ngg-gallery-thumbnail\">\n            <a href=\"http:\/\/pacifichigh.de\/wp_ph_de\/wp-content\/gallery\/0908_02_mallorca2\/august_017.jpg\"\n               title=\"Ankunft der Familie Pittel im letzten Abendlicht. Kolja f\u00e4hrt uns (wie immer) sicher durch das Hafenbecken.\"\n               data-src=\"http:\/\/pacifichigh.de\/wp_ph_de\/wp-content\/gallery\/0908_02_mallorca2\/august_017.jpg\"\n               data-thumbnail=\"http:\/\/pacifichigh.de\/wp_ph_de\/wp-content\/gallery\/0908_02_mallorca2\/thumbs\/thumbs_august_017.jpg\"\n               data-image-id=\"1378\"\n               data-title=\"august_017.jpg\"\n               data-description=\"Ankunft der Familie Pittel im letzten Abendlicht. Kolja f\u00e4hrt uns (wie immer) sicher durch das Hafenbecken.\"\n               data-image-slug=\"august_017-jpg\"\n               class=\"ngg-fancybox\" rel=\"5d44b54d55007f14dc0718b8b91528e5\">\n                <img\n                    title=\"august_017.jpg\"\n                    alt=\"august_017.jpg\"\n                    src=\"http:\/\/pacifichigh.de\/wp_ph_de\/wp-content\/gallery\/0908_02_mallorca2\/thumbs\/thumbs_august_017.jpg\"\n                    width=\"150\"\n                    height=\"100\"\n                    style=\"max-width:100%;\"\n                \/>\n            <\/a>\n        <\/div>\n\t\t\t\t\t\t\t<\/div> \n\t\t\t\n        \n\t\t\t\t<div id=\"ngg-image-1\" class=\"ngg-gallery-thumbnail-box\" >\n\t\t\t\t        <div class=\"ngg-gallery-thumbnail\">\n            <a href=\"http:\/\/pacifichigh.de\/wp_ph_de\/wp-content\/gallery\/0908_02_mallorca2\/august_018.jpg\"\n               title=\"Gem\u00fctliches segeln auf der Flybridge...\"\n               data-src=\"http:\/\/pacifichigh.de\/wp_ph_de\/wp-content\/gallery\/0908_02_mallorca2\/august_018.jpg\"\n               data-thumbnail=\"http:\/\/pacifichigh.de\/wp_ph_de\/wp-content\/gallery\/0908_02_mallorca2\/thumbs\/thumbs_august_018.jpg\"\n               data-image-id=\"1379\"\n               data-title=\"august_018.jpg\"\n               data-description=\"Gem\u00fctliches segeln auf der Flybridge...\"\n               data-image-slug=\"august_018-jpg\"\n               class=\"ngg-fancybox\" rel=\"5d44b54d55007f14dc0718b8b91528e5\">\n                <img\n                    title=\"august_018.jpg\"\n                    alt=\"august_018.jpg\"\n                    src=\"http:\/\/pacifichigh.de\/wp_ph_de\/wp-content\/gallery\/0908_02_mallorca2\/thumbs\/thumbs_august_018.jpg\"\n                    width=\"150\"\n                    height=\"100\"\n                    style=\"max-width:100%;\"\n                \/>\n            <\/a>\n        <\/div>\n\t\t\t\t\t\t\t<\/div> \n\t\t\t\n        \n\t\t\t\t<div id=\"ngg-image-2\" class=\"ngg-gallery-thumbnail-box\" >\n\t\t\t\t        <div class=\"ngg-gallery-thumbnail\">\n            <a href=\"http:\/\/pacifichigh.de\/wp_ph_de\/wp-content\/gallery\/0908_02_mallorca2\/august_019.jpg\"\n               title=\"Bei den schwachen Winden hilft uns unser \u201estormlight\u201c Gennaker sehr. W\u00e4hrend Anita die Winch bedient...\"\n               data-src=\"http:\/\/pacifichigh.de\/wp_ph_de\/wp-content\/gallery\/0908_02_mallorca2\/august_019.jpg\"\n               data-thumbnail=\"http:\/\/pacifichigh.de\/wp_ph_de\/wp-content\/gallery\/0908_02_mallorca2\/thumbs\/thumbs_august_019.jpg\"\n               data-image-id=\"1380\"\n               data-title=\"august_019.jpg\"\n               data-description=\"Bei den schwachen Winden hilft uns unser \u201estormlight\u201c Gennaker sehr. W\u00e4hrend Anita die Winch bedient...\"\n               data-image-slug=\"august_019-jpg\"\n               class=\"ngg-fancybox\" rel=\"5d44b54d55007f14dc0718b8b91528e5\">\n                <img\n                    title=\"august_019.jpg\"\n                    alt=\"august_019.jpg\"\n                    src=\"http:\/\/pacifichigh.de\/wp_ph_de\/wp-content\/gallery\/0908_02_mallorca2\/thumbs\/thumbs_august_019.jpg\"\n                    width=\"150\"\n                    height=\"100\"\n                    style=\"max-width:100%;\"\n                \/>\n            <\/a>\n        <\/div>\n\t\t\t\t\t\t\t<\/div> \n\t\t\t\n        \n\t\t\t\t<div id=\"ngg-image-3\" class=\"ngg-gallery-thumbnail-box\" >\n\t\t\t\t        <div class=\"ngg-gallery-thumbnail\">\n            <a href=\"http:\/\/pacifichigh.de\/wp_ph_de\/wp-content\/gallery\/0908_02_mallorca2\/august_020.jpg\"\n               title=\"... rolle ich auf dem Vorschiff den Gennaker aus: Teamwork!\"\n               data-src=\"http:\/\/pacifichigh.de\/wp_ph_de\/wp-content\/gallery\/0908_02_mallorca2\/august_020.jpg\"\n               data-thumbnail=\"http:\/\/pacifichigh.de\/wp_ph_de\/wp-content\/gallery\/0908_02_mallorca2\/thumbs\/thumbs_august_020.jpg\"\n               data-image-id=\"1381\"\n               data-title=\"august_020.jpg\"\n               data-description=\"... rolle ich auf dem Vorschiff den Gennaker aus: Teamwork!\"\n               data-image-slug=\"august_020-jpg\"\n               class=\"ngg-fancybox\" rel=\"5d44b54d55007f14dc0718b8b91528e5\">\n                <img\n                    title=\"august_020.jpg\"\n                    alt=\"august_020.jpg\"\n                    src=\"http:\/\/pacifichigh.de\/wp_ph_de\/wp-content\/gallery\/0908_02_mallorca2\/thumbs\/thumbs_august_020.jpg\"\n                    width=\"150\"\n                    height=\"100\"\n                    style=\"max-width:100%;\"\n                \/>\n            <\/a>\n        <\/div>\n\t\t\t\t\t\t\t<\/div> \n\t\t\t\n        \n\t\t\t\t<div id=\"ngg-image-4\" class=\"ngg-gallery-thumbnail-box\" >\n\t\t\t\t        <div class=\"ngg-gallery-thumbnail\">\n            <a href=\"http:\/\/pacifichigh.de\/wp_ph_de\/wp-content\/gallery\/0908_02_mallorca2\/august_021.jpg\"\n               title=\"Mitten auf dem Meer zu schwimmen im tiefblauen Wasser ist immer ein besonderes Ereignis\"\n               data-src=\"http:\/\/pacifichigh.de\/wp_ph_de\/wp-content\/gallery\/0908_02_mallorca2\/august_021.jpg\"\n               data-thumbnail=\"http:\/\/pacifichigh.de\/wp_ph_de\/wp-content\/gallery\/0908_02_mallorca2\/thumbs\/thumbs_august_021.jpg\"\n               data-image-id=\"1382\"\n               data-title=\"august_021.jpg\"\n               data-description=\"Mitten auf dem Meer zu schwimmen im tiefblauen Wasser ist immer ein besonderes Ereignis\"\n               data-image-slug=\"august_021-jpg\"\n               class=\"ngg-fancybox\" rel=\"5d44b54d55007f14dc0718b8b91528e5\">\n                <img\n                    title=\"august_021.jpg\"\n                    alt=\"august_021.jpg\"\n                    src=\"http:\/\/pacifichigh.de\/wp_ph_de\/wp-content\/gallery\/0908_02_mallorca2\/thumbs\/thumbs_august_021.jpg\"\n                    width=\"150\"\n                    height=\"100\"\n                    style=\"max-width:100%;\"\n                \/>\n            <\/a>\n        <\/div>\n\t\t\t\t\t\t\t<\/div> \n\t\t\t\n        \n\t\t\t\t<div id=\"ngg-image-5\" class=\"ngg-gallery-thumbnail-box\" >\n\t\t\t\t        <div class=\"ngg-gallery-thumbnail\">\n            <a href=\"http:\/\/pacifichigh.de\/wp_ph_de\/wp-content\/gallery\/0908_02_mallorca2\/august_022.jpg\"\n               title=\"Danach wird wieder im Salon mit den Playmobilpuppen gespielt\"\n               data-src=\"http:\/\/pacifichigh.de\/wp_ph_de\/wp-content\/gallery\/0908_02_mallorca2\/august_022.jpg\"\n               data-thumbnail=\"http:\/\/pacifichigh.de\/wp_ph_de\/wp-content\/gallery\/0908_02_mallorca2\/thumbs\/thumbs_august_022.jpg\"\n               data-image-id=\"1383\"\n               data-title=\"august_022.jpg\"\n               data-description=\"Danach wird wieder im Salon mit den Playmobilpuppen gespielt\"\n               data-image-slug=\"august_022-jpg\"\n               class=\"ngg-fancybox\" rel=\"5d44b54d55007f14dc0718b8b91528e5\">\n                <img\n                    title=\"august_022.jpg\"\n                    alt=\"august_022.jpg\"\n                    src=\"http:\/\/pacifichigh.de\/wp_ph_de\/wp-content\/gallery\/0908_02_mallorca2\/thumbs\/thumbs_august_022.jpg\"\n                    width=\"150\"\n                    height=\"100\"\n                    style=\"max-width:100%;\"\n                \/>\n            <\/a>\n        <\/div>\n\t\t\t\t\t\t\t<\/div> \n\t\t\t\n        \n\t\t\t\t<div id=\"ngg-image-6\" class=\"ngg-gallery-thumbnail-box\" >\n\t\t\t\t        <div class=\"ngg-gallery-thumbnail\">\n            <a href=\"http:\/\/pacifichigh.de\/wp_ph_de\/wp-content\/gallery\/0908_02_mallorca2\/august_023.jpg\"\n               title=\"Banyalbufar ist ein wundersch\u00f6ner Ort an der Westk\u00fcste von Mallorca. Hier verteidigten sich die Mallorchinos bereits 1534 gegen t\u00fcrkische Korsaren\"\n               data-src=\"http:\/\/pacifichigh.de\/wp_ph_de\/wp-content\/gallery\/0908_02_mallorca2\/august_023.jpg\"\n               data-thumbnail=\"http:\/\/pacifichigh.de\/wp_ph_de\/wp-content\/gallery\/0908_02_mallorca2\/thumbs\/thumbs_august_023.jpg\"\n               data-image-id=\"1384\"\n               data-title=\"august_023.jpg\"\n               data-description=\"Banyalbufar ist ein wundersch\u00f6ner Ort an der Westk\u00fcste von Mallorca. Hier verteidigten sich die Mallorchinos bereits 1534 gegen t\u00fcrkische Korsaren\"\n               data-image-slug=\"august_023-jpg\"\n               class=\"ngg-fancybox\" rel=\"5d44b54d55007f14dc0718b8b91528e5\">\n                <img\n                    title=\"august_023.jpg\"\n                    alt=\"august_023.jpg\"\n                    src=\"http:\/\/pacifichigh.de\/wp_ph_de\/wp-content\/gallery\/0908_02_mallorca2\/thumbs\/thumbs_august_023.jpg\"\n                    width=\"150\"\n                    height=\"100\"\n                    style=\"max-width:100%;\"\n                \/>\n            <\/a>\n        <\/div>\n\t\t\t\t\t\t\t<\/div> \n\t\t\t\n        \n\t\t\t\t<div id=\"ngg-image-7\" class=\"ngg-gallery-thumbnail-box\" >\n\t\t\t\t        <div class=\"ngg-gallery-thumbnail\">\n            <a href=\"http:\/\/pacifichigh.de\/wp_ph_de\/wp-content\/gallery\/0908_02_mallorca2\/august_024.jpg\"\n               title=\"Melanie, Stefan und Skipper Kolja in voller Gleitfahrt. Die drei genie\u00dfen offensichtlich ihre Freiheit mit dem Dinghy...\"\n               data-src=\"http:\/\/pacifichigh.de\/wp_ph_de\/wp-content\/gallery\/0908_02_mallorca2\/august_024.jpg\"\n               data-thumbnail=\"http:\/\/pacifichigh.de\/wp_ph_de\/wp-content\/gallery\/0908_02_mallorca2\/thumbs\/thumbs_august_024.jpg\"\n               data-image-id=\"1385\"\n               data-title=\"august_024.jpg\"\n               data-description=\"Melanie, Stefan und Skipper Kolja in voller Gleitfahrt. Die drei genie\u00dfen offensichtlich ihre Freiheit mit dem Dinghy...\"\n               data-image-slug=\"august_024-jpg\"\n               class=\"ngg-fancybox\" rel=\"5d44b54d55007f14dc0718b8b91528e5\">\n                <img\n                    title=\"august_024.jpg\"\n                    alt=\"august_024.jpg\"\n                    src=\"http:\/\/pacifichigh.de\/wp_ph_de\/wp-content\/gallery\/0908_02_mallorca2\/thumbs\/thumbs_august_024.jpg\"\n                    width=\"150\"\n                    height=\"100\"\n                    style=\"max-width:100%;\"\n                \/>\n            <\/a>\n        <\/div>\n\t\t\t\t\t\t\t<\/div> \n\t\t\t\n        \n\t\t\t\t<div id=\"ngg-image-8\" class=\"ngg-gallery-thumbnail-box\" >\n\t\t\t\t        <div class=\"ngg-gallery-thumbnail\">\n            <a href=\"http:\/\/pacifichigh.de\/wp_ph_de\/wp-content\/gallery\/0908_02_mallorca2\/august_025.jpg\"\n               title=\"... w\u00e4hrend wir uns an Bord gen\u00fcsslich \u00fcber Apfelkuchen mit Schlagsahne hermachen!\"\n               data-src=\"http:\/\/pacifichigh.de\/wp_ph_de\/wp-content\/gallery\/0908_02_mallorca2\/august_025.jpg\"\n               data-thumbnail=\"http:\/\/pacifichigh.de\/wp_ph_de\/wp-content\/gallery\/0908_02_mallorca2\/thumbs\/thumbs_august_025.jpg\"\n               data-image-id=\"1386\"\n               data-title=\"august_025.jpg\"\n               data-description=\"... w\u00e4hrend wir uns an Bord gen\u00fcsslich \u00fcber Apfelkuchen mit Schlagsahne hermachen!\"\n               data-image-slug=\"august_025-jpg\"\n               class=\"ngg-fancybox\" rel=\"5d44b54d55007f14dc0718b8b91528e5\">\n                <img\n                    title=\"august_025.jpg\"\n                    alt=\"august_025.jpg\"\n                    src=\"http:\/\/pacifichigh.de\/wp_ph_de\/wp-content\/gallery\/0908_02_mallorca2\/thumbs\/thumbs_august_025.jpg\"\n                    width=\"150\"\n                    height=\"100\"\n                    style=\"max-width:100%;\"\n                \/>\n            <\/a>\n        <\/div>\n\t\t\t\t\t\t\t<\/div> \n\t\t\t\n        \n\t\t\t\t<div id=\"ngg-image-9\" class=\"ngg-gallery-thumbnail-box\" >\n\t\t\t\t        <div class=\"ngg-gallery-thumbnail\">\n            <a href=\"http:\/\/pacifichigh.de\/wp_ph_de\/wp-content\/gallery\/0908_02_mallorca2\/august_026.jpg\"\n               title=\"Nach dem Abendbrot sind wir aber endg\u00fcltig pappsatt!\"\n               data-src=\"http:\/\/pacifichigh.de\/wp_ph_de\/wp-content\/gallery\/0908_02_mallorca2\/august_026.jpg\"\n               data-thumbnail=\"http:\/\/pacifichigh.de\/wp_ph_de\/wp-content\/gallery\/0908_02_mallorca2\/thumbs\/thumbs_august_026.jpg\"\n               data-image-id=\"1387\"\n               data-title=\"august_026.jpg\"\n               data-description=\"Nach dem Abendbrot sind wir aber endg\u00fcltig pappsatt!\"\n               data-image-slug=\"august_026-jpg\"\n               class=\"ngg-fancybox\" rel=\"5d44b54d55007f14dc0718b8b91528e5\">\n                <img\n                    title=\"august_026.jpg\"\n                    alt=\"august_026.jpg\"\n                    src=\"http:\/\/pacifichigh.de\/wp_ph_de\/wp-content\/gallery\/0908_02_mallorca2\/thumbs\/thumbs_august_026.jpg\"\n                    width=\"150\"\n                    height=\"100\"\n                    style=\"max-width:100%;\"\n                \/>\n            <\/a>\n        <\/div>\n\t\t\t\t\t\t\t<\/div> \n\t\t\t\n        \n\t\t\t\t<div id=\"ngg-image-10\" class=\"ngg-gallery-thumbnail-box\" >\n\t\t\t\t        <div class=\"ngg-gallery-thumbnail\">\n            <a href=\"http:\/\/pacifichigh.de\/wp_ph_de\/wp-content\/gallery\/0908_02_mallorca2\/august_027.jpg\"\n               title=\"Doch der n\u00e4chste Morgen kommt bestimmt!\"\n               data-src=\"http:\/\/pacifichigh.de\/wp_ph_de\/wp-content\/gallery\/0908_02_mallorca2\/august_027.jpg\"\n               data-thumbnail=\"http:\/\/pacifichigh.de\/wp_ph_de\/wp-content\/gallery\/0908_02_mallorca2\/thumbs\/thumbs_august_027.jpg\"\n               data-image-id=\"1388\"\n               data-title=\"august_027.jpg\"\n               data-description=\"Doch der n\u00e4chste Morgen kommt bestimmt!\"\n               data-image-slug=\"august_027-jpg\"\n               class=\"ngg-fancybox\" rel=\"5d44b54d55007f14dc0718b8b91528e5\">\n                <img\n                    title=\"august_027.jpg\"\n                    alt=\"august_027.jpg\"\n                    src=\"http:\/\/pacifichigh.de\/wp_ph_de\/wp-content\/gallery\/0908_02_mallorca2\/thumbs\/thumbs_august_027.jpg\"\n                    width=\"150\"\n                    height=\"100\"\n                    style=\"max-width:100%;\"\n                \/>\n            <\/a>\n        <\/div>\n\t\t\t\t\t\t\t<\/div> \n\t\t\t\n        \n\t\t\t\t<div id=\"ngg-image-11\" class=\"ngg-gallery-thumbnail-box\" >\n\t\t\t\t        <div class=\"ngg-gallery-thumbnail\">\n            <a href=\"http:\/\/pacifichigh.de\/wp_ph_de\/wp-content\/gallery\/0908_02_mallorca2\/august_028.jpg\"\n               title=\"Danach segeln wir weiter die Westk\u00fcste hinauf\"\n               data-src=\"http:\/\/pacifichigh.de\/wp_ph_de\/wp-content\/gallery\/0908_02_mallorca2\/august_028.jpg\"\n               data-thumbnail=\"http:\/\/pacifichigh.de\/wp_ph_de\/wp-content\/gallery\/0908_02_mallorca2\/thumbs\/thumbs_august_028.jpg\"\n               data-image-id=\"1389\"\n               data-title=\"august_028.jpg\"\n               data-description=\"Danach segeln wir weiter die Westk\u00fcste hinauf\"\n               data-image-slug=\"august_028-jpg\"\n               class=\"ngg-fancybox\" rel=\"5d44b54d55007f14dc0718b8b91528e5\">\n                <img\n                    title=\"august_028.jpg\"\n                    alt=\"august_028.jpg\"\n                    src=\"http:\/\/pacifichigh.de\/wp_ph_de\/wp-content\/gallery\/0908_02_mallorca2\/thumbs\/thumbs_august_028.jpg\"\n                    width=\"150\"\n                    height=\"100\"\n                    style=\"max-width:100%;\"\n                \/>\n            <\/a>\n        <\/div>\n\t\t\t\t\t\t\t<\/div> \n\t\t\t\n        \n\t\t\t\t<div id=\"ngg-image-12\" class=\"ngg-gallery-thumbnail-box\" >\n\t\t\t\t        <div class=\"ngg-gallery-thumbnail\">\n            <a href=\"http:\/\/pacifichigh.de\/wp_ph_de\/wp-content\/gallery\/0908_02_mallorca2\/august_029.jpg\"\n               title=\"W\u00e4hrend Anita sich mit dem Gennaker abm\u00fcht...\"\n               data-src=\"http:\/\/pacifichigh.de\/wp_ph_de\/wp-content\/gallery\/0908_02_mallorca2\/august_029.jpg\"\n               data-thumbnail=\"http:\/\/pacifichigh.de\/wp_ph_de\/wp-content\/gallery\/0908_02_mallorca2\/thumbs\/thumbs_august_029.jpg\"\n               data-image-id=\"1390\"\n               data-title=\"august_029.jpg\"\n               data-description=\"W\u00e4hrend Anita sich mit dem Gennaker abm\u00fcht...\"\n               data-image-slug=\"august_029-jpg\"\n               class=\"ngg-fancybox\" rel=\"5d44b54d55007f14dc0718b8b91528e5\">\n                <img\n                    title=\"august_029.jpg\"\n                    alt=\"august_029.jpg\"\n                    src=\"http:\/\/pacifichigh.de\/wp_ph_de\/wp-content\/gallery\/0908_02_mallorca2\/thumbs\/thumbs_august_029.jpg\"\n                    width=\"150\"\n                    height=\"100\"\n                    style=\"max-width:100%;\"\n                \/>\n            <\/a>\n        <\/div>\n\t\t\t\t\t\t\t<\/div> \n\t\t\t\n        \n\t\t\t\t<div id=\"ngg-image-13\" class=\"ngg-gallery-thumbnail-box\" >\n\t\t\t\t        <div class=\"ngg-gallery-thumbnail\">\n            <a href=\"http:\/\/pacifichigh.de\/wp_ph_de\/wp-content\/gallery\/0908_02_mallorca2\/august_030.jpg\"\n               title=\"... liegt die ganze last der Verantwortung bei den M\u00e4nnern: Skipper Kolja und Assistent Klaus.\"\n               data-src=\"http:\/\/pacifichigh.de\/wp_ph_de\/wp-content\/gallery\/0908_02_mallorca2\/august_030.jpg\"\n               data-thumbnail=\"http:\/\/pacifichigh.de\/wp_ph_de\/wp-content\/gallery\/0908_02_mallorca2\/thumbs\/thumbs_august_030.jpg\"\n               data-image-id=\"1391\"\n               data-title=\"august_030.jpg\"\n               data-description=\"... liegt die ganze last der Verantwortung bei den M\u00e4nnern: Skipper Kolja und Assistent Klaus.\"\n               data-image-slug=\"august_030-jpg\"\n               class=\"ngg-fancybox\" rel=\"5d44b54d55007f14dc0718b8b91528e5\">\n                <img\n                    title=\"august_030.jpg\"\n                    alt=\"august_030.jpg\"\n                    src=\"http:\/\/pacifichigh.de\/wp_ph_de\/wp-content\/gallery\/0908_02_mallorca2\/thumbs\/thumbs_august_030.jpg\"\n                    width=\"150\"\n                    height=\"100\"\n                    style=\"max-width:100%;\"\n                \/>\n            <\/a>\n        <\/div>\n\t\t\t\t\t\t\t<\/div> \n\t\t\t\n        \n\t\t\t\t<div id=\"ngg-image-14\" class=\"ngg-gallery-thumbnail-box\" >\n\t\t\t\t        <div class=\"ngg-gallery-thumbnail\">\n            <a href=\"http:\/\/pacifichigh.de\/wp_ph_de\/wp-content\/gallery\/0908_02_mallorca2\/august_031.jpg\"\n               title=\"Zum Schlu\u00df erwischt es mich doch noch und ich muss auch so tun als ob ich gearbeitet h\u00e4tte\"\n               data-src=\"http:\/\/pacifichigh.de\/wp_ph_de\/wp-content\/gallery\/0908_02_mallorca2\/august_031.jpg\"\n               data-thumbnail=\"http:\/\/pacifichigh.de\/wp_ph_de\/wp-content\/gallery\/0908_02_mallorca2\/thumbs\/thumbs_august_031.jpg\"\n               data-image-id=\"1392\"\n               data-title=\"august_031.jpg\"\n               data-description=\"Zum Schlu\u00df erwischt es mich doch noch und ich muss auch so tun als ob ich gearbeitet h\u00e4tte\"\n               data-image-slug=\"august_031-jpg\"\n               class=\"ngg-fancybox\" rel=\"5d44b54d55007f14dc0718b8b91528e5\">\n                <img\n                    title=\"august_031.jpg\"\n                    alt=\"august_031.jpg\"\n                    src=\"http:\/\/pacifichigh.de\/wp_ph_de\/wp-content\/gallery\/0908_02_mallorca2\/thumbs\/thumbs_august_031.jpg\"\n                    width=\"150\"\n                    height=\"100\"\n                    style=\"max-width:100%;\"\n                \/>\n            <\/a>\n        <\/div>\n\t\t\t\t\t\t\t<\/div> \n\t\t\t\n        \n\t\t\t\t<div id=\"ngg-image-15\" class=\"ngg-gallery-thumbnail-box\" >\n\t\t\t\t        <div class=\"ngg-gallery-thumbnail\">\n            <a href=\"http:\/\/pacifichigh.de\/wp_ph_de\/wp-content\/gallery\/0908_02_mallorca2\/august_032.jpg\"\n               title=\"Einfahrt in die Bucht von Soller. Nach der relativ schmalen Einfahrt \u00f6ffnet sich eine wundersch\u00f6ne gesch\u00fctzte kreisrunde Bucht\"\n               data-src=\"http:\/\/pacifichigh.de\/wp_ph_de\/wp-content\/gallery\/0908_02_mallorca2\/august_032.jpg\"\n               data-thumbnail=\"http:\/\/pacifichigh.de\/wp_ph_de\/wp-content\/gallery\/0908_02_mallorca2\/thumbs\/thumbs_august_032.jpg\"\n               data-image-id=\"1393\"\n               data-title=\"august_032.jpg\"\n               data-description=\"Einfahrt in die Bucht von Soller. Nach der relativ schmalen Einfahrt \u00f6ffnet sich eine wundersch\u00f6ne gesch\u00fctzte kreisrunde Bucht\"\n               data-image-slug=\"august_032-jpg\"\n               class=\"ngg-fancybox\" rel=\"5d44b54d55007f14dc0718b8b91528e5\">\n                <img\n                    title=\"august_032.jpg\"\n                    alt=\"august_032.jpg\"\n                    src=\"http:\/\/pacifichigh.de\/wp_ph_de\/wp-content\/gallery\/0908_02_mallorca2\/thumbs\/thumbs_august_032.jpg\"\n                    width=\"150\"\n                    height=\"100\"\n                    style=\"max-width:100%;\"\n                \/>\n            <\/a>\n        <\/div>\n\t\t\t\t\t\t\t<\/div> \n\t\t\t\n        \n\t\t\t\t<div id=\"ngg-image-16\" class=\"ngg-gallery-thumbnail-box\" >\n\t\t\t\t        <div class=\"ngg-gallery-thumbnail\">\n            <a href=\"http:\/\/pacifichigh.de\/wp_ph_de\/wp-content\/gallery\/0908_02_mallorca2\/august_033.jpg\"\n               title=\"Die Bucht von Soller ist malerisch, da muss man einfach in den Mast um Foto\u2019s zu machen...\"\n               data-src=\"http:\/\/pacifichigh.de\/wp_ph_de\/wp-content\/gallery\/0908_02_mallorca2\/august_033.jpg\"\n               data-thumbnail=\"http:\/\/pacifichigh.de\/wp_ph_de\/wp-content\/gallery\/0908_02_mallorca2\/thumbs\/thumbs_august_033.jpg\"\n               data-image-id=\"1394\"\n               data-title=\"august_033.jpg\"\n               data-description=\"Die Bucht von Soller ist malerisch, da muss man einfach in den Mast um Foto\u2019s zu machen...\"\n               data-image-slug=\"august_033-jpg\"\n               class=\"ngg-fancybox\" rel=\"5d44b54d55007f14dc0718b8b91528e5\">\n                <img\n                    title=\"august_033.jpg\"\n                    alt=\"august_033.jpg\"\n                    src=\"http:\/\/pacifichigh.de\/wp_ph_de\/wp-content\/gallery\/0908_02_mallorca2\/thumbs\/thumbs_august_033.jpg\"\n                    width=\"150\"\n                    height=\"100\"\n                    style=\"max-width:100%;\"\n                \/>\n            <\/a>\n        <\/div>\n\t\t\t\t\t\t\t<\/div> \n\t\t\t\n        \n\t\t\t\t<div id=\"ngg-image-17\" class=\"ngg-gallery-thumbnail-box\" >\n\t\t\t\t        <div class=\"ngg-gallery-thumbnail\">\n            <a href=\"http:\/\/pacifichigh.de\/wp_ph_de\/wp-content\/gallery\/0908_02_mallorca2\/august_034.jpg\"\n               title=\"Immer wieder ein tolles Gef\u00fchl da oben in 27m...\"\n               data-src=\"http:\/\/pacifichigh.de\/wp_ph_de\/wp-content\/gallery\/0908_02_mallorca2\/august_034.jpg\"\n               data-thumbnail=\"http:\/\/pacifichigh.de\/wp_ph_de\/wp-content\/gallery\/0908_02_mallorca2\/thumbs\/thumbs_august_034.jpg\"\n               data-image-id=\"1395\"\n               data-title=\"august_034.jpg\"\n               data-description=\"Immer wieder ein tolles Gef\u00fchl da oben in 27m...\"\n               data-image-slug=\"august_034-jpg\"\n               class=\"ngg-fancybox\" rel=\"5d44b54d55007f14dc0718b8b91528e5\">\n                <img\n                    title=\"august_034.jpg\"\n                    alt=\"august_034.jpg\"\n                    src=\"http:\/\/pacifichigh.de\/wp_ph_de\/wp-content\/gallery\/0908_02_mallorca2\/thumbs\/thumbs_august_034.jpg\"\n                    width=\"150\"\n                    height=\"100\"\n                    style=\"max-width:100%;\"\n                \/>\n            <\/a>\n        <\/div>\n\t\t\t\t\t\t\t<\/div> \n\t\t\t\n        \n\t\t\t\t<div id=\"ngg-image-18\" class=\"ngg-gallery-thumbnail-box\" >\n\t\t\t\t        <div class=\"ngg-gallery-thumbnail\">\n            <a href=\"http:\/\/pacifichigh.de\/wp_ph_de\/wp-content\/gallery\/0908_02_mallorca2\/august_035.jpg\"\n               title=\"Blick zur Einfahrt in die Bucht. Rechts der Leuchtturm und die Mole sind leider milit\u00e4risches Sperrgebiet\"\n               data-src=\"http:\/\/pacifichigh.de\/wp_ph_de\/wp-content\/gallery\/0908_02_mallorca2\/august_035.jpg\"\n               data-thumbnail=\"http:\/\/pacifichigh.de\/wp_ph_de\/wp-content\/gallery\/0908_02_mallorca2\/thumbs\/thumbs_august_035.jpg\"\n               data-image-id=\"1396\"\n               data-title=\"august_035.jpg\"\n               data-description=\"Blick zur Einfahrt in die Bucht. Rechts der Leuchtturm und die Mole sind leider milit\u00e4risches Sperrgebiet\"\n               data-image-slug=\"august_035-jpg\"\n               class=\"ngg-fancybox\" rel=\"5d44b54d55007f14dc0718b8b91528e5\">\n                <img\n                    title=\"august_035.jpg\"\n                    alt=\"august_035.jpg\"\n                    src=\"http:\/\/pacifichigh.de\/wp_ph_de\/wp-content\/gallery\/0908_02_mallorca2\/thumbs\/thumbs_august_035.jpg\"\n                    width=\"150\"\n                    height=\"100\"\n                    style=\"max-width:100%;\"\n                \/>\n            <\/a>\n        <\/div>\n\t\t\t\t\t\t\t<\/div> \n\t\t\t\n        \n\t\t\t\t<div id=\"ngg-image-19\" class=\"ngg-gallery-thumbnail-box\" >\n\t\t\t\t        <div class=\"ngg-gallery-thumbnail\">\n            <a href=\"http:\/\/pacifichigh.de\/wp_ph_de\/wp-content\/gallery\/0908_02_mallorca2\/august_036.jpg\"\n               title=\"Blick auf Puerto de Soller mit seiner sch\u00f6nen Hafenpromenade\"\n               data-src=\"http:\/\/pacifichigh.de\/wp_ph_de\/wp-content\/gallery\/0908_02_mallorca2\/august_036.jpg\"\n               data-thumbnail=\"http:\/\/pacifichigh.de\/wp_ph_de\/wp-content\/gallery\/0908_02_mallorca2\/thumbs\/thumbs_august_036.jpg\"\n               data-image-id=\"1397\"\n               data-title=\"august_036.jpg\"\n               data-description=\"Blick auf Puerto de Soller mit seiner sch\u00f6nen Hafenpromenade\"\n               data-image-slug=\"august_036-jpg\"\n               class=\"ngg-fancybox\" rel=\"5d44b54d55007f14dc0718b8b91528e5\">\n                <img\n                    title=\"august_036.jpg\"\n                    alt=\"august_036.jpg\"\n                    src=\"http:\/\/pacifichigh.de\/wp_ph_de\/wp-content\/gallery\/0908_02_mallorca2\/thumbs\/thumbs_august_036.jpg\"\n                    width=\"150\"\n                    height=\"100\"\n                    style=\"max-width:100%;\"\n                \/>\n            <\/a>\n        <\/div>\n\t\t\t\t\t\t\t<\/div> \n\t\t\t\n        \n\t\t\n\t\t<!-- Pagination -->\n\t<div class='ngg-navigation'><span class='current'>1<\/span>\n<a class='page-numbers' data-pageid='2' href='http:\/\/pacifichigh.de\/wp_ph_de\/index.php\/nggallery\/page\/2?p=1918'>2<\/a>\n<a class='page-numbers' data-pageid='3' href='http:\/\/pacifichigh.de\/wp_ph_de\/index.php\/nggallery\/page\/3?p=1918'>3<\/a>\n<a class='prev' href='http:\/\/pacifichigh.de\/wp_ph_de\/index.php\/nggallery\/page\/2?p=1918' data-pageid=2>&#9658;<\/a><\/div>\t<\/div>\n<!--:--><\/p>\n","protected":false},"excerpt":{"rendered":"<p>&nbsp; Anfang des Monates sind Anita\u2019s Schwester mit Familie zu uns an Bord gekommen. Vielen Dank f\u00fcr die wirklich vielen Bestellungen die Ihr uns mitgebracht habt! Wir sind mit\u00a0 Angelika, J\u00fcrgen, Melanie und Stefan im Uhrzeigersinn um Mallorca herumgesegelt aber leider, wegen fehlender Winde, nur bis Soller \/ sa Calobra gekommen. Angelika und J\u00fcrgen haben, [&hellip;]<\/p>\n","protected":false},"author":2,"featured_media":7615,"comment_status":"closed","ping_status":"closed","sticky":false,"template":"","format":"standard","meta":{"_s2mail":"yes","ngg_post_thumbnail":0},"categories":[2],"tags":[],"_links":{"self":[{"href":"http:\/\/pacifichigh.de\/wp_ph_de\/index.php?rest_route=\/wp\/v2\/posts\/1918"}],"collection":[{"href":"http:\/\/pacifichigh.de\/wp_ph_de\/index.php?rest_route=\/wp\/v2\/posts"}],"about":[{"href":"http:\/\/pacifichigh.de\/wp_ph_de\/index.php?rest_route=\/wp\/v2\/types\/post"}],"author":[{"embeddable":true,"href":"http:\/\/pacifichigh.de\/wp_ph_de\/index.php?rest_route=\/wp\/v2\/users\/2"}],"replies":[{"embeddable":true,"href":"http:\/\/pacifichigh.de\/wp_ph_de\/index.php?rest_route=%2Fwp%2Fv2%2Fcomments&post=1918"}],"version-history":[{"count":0,"href":"http:\/\/pacifichigh.de\/wp_ph_de\/index.php?rest_route=\/wp\/v2\/posts\/1918\/revisions"}],"wp:featuredmedia":[{"embeddable":true,"href":"http:\/\/pacifichigh.de\/wp_ph_de\/index.php?rest_route=\/"}],"wp:attachment":[{"href":"http:\/\/pacifichigh.de\/wp_ph_de\/index.php?rest_route=%2Fwp%2Fv2%2Fmedia&parent=1918"}],"wp:term":[{"taxonomy":"category","embeddable":true,"href":"http:\/\/pacifichigh.de\/wp_ph_de\/index.php?rest_route=%2Fwp%2Fv2%2Fcategories&post=1918"},{"taxonomy":"post_tag","embeddable":true,"href":"http:\/\/pacifichigh.de\/wp_ph_de\/index.php?rest_route=%2Fwp%2Fv2%2Ftags&post=1918"}],"curies":[{"name":"wp","href":"https:\/\/api.w.org\/{rel}","templated":true}]}}