{"id":1912,"date":"2009-08-03T10:26:05","date_gmt":"2009-08-03T11:26:05","guid":{"rendered":" http:\/\/pacifichigh.de\/wp_ph_de\/?p=1912"},"modified":"2009-08-03T10:26:05","modified_gmt":"2009-08-03T11:26:05","slug":"august-2009-mallorca-1august-2009-mallorca-1august-2009-mallorca-1august-2009-mallorca-1","status":"publish","type":"post","link":"http:\/\/pacifichigh.de\/wp_ph_de\/?p=1912","title":{"rendered":"August 2009 \u2013 Mallorca 1August 2009 \u2013 Mallorca 1August 2009 \u2013 Mallorca 1August 2009 \u2013 Mallorca 1"},"content":{"rendered":"<p><!--:de--><\/p>\n<p style=\"text-align: justify;\">Wie schnell die Zeit vergeht&#8230; Uns kommt es so vor, als w\u00e4ren wir gerade noch auf Ibiza gewesen, dabei sind wir Anfang des Monats nach Mallorca gesegelt und jetzt ist auch schon der August vorbei! Es war ein ereignisreicher Monat, mit vielen netten Besuchern, Kontakt zu vielen anderen Seglern in den Buchten, vielen neuen Entdeckungen, viel Schwimmen aber auch mit (zu) wenig Wind und viel zu wenig Zeit.<\/p>\n<p style=\"text-align: justify;\">Der August auf Mallorca begann wie der Juli in Ibiza aufgeh\u00f6rt hatte: (zu) hei\u00df! Bei 35 Grad im Schatten bekommt das Wort \u201eSiesta\u201c eine v\u00f6llig neue Bedeutung. Wir k\u00f6nnen die spanische \u201eMittagszeit\u201c sehr gut nachvollziehen, an Bord der Pacific High ging zwischen 12:00 Uhr und 16:00 Uhr meistens gar nichts&#8230; au\u00dfer vielleicht ein \u201ek\u00fchlendes\u201c Bad im Meer bei Wassertemperaturen zwischen 27 Grad und 29 Grad.<\/p>\n<p style=\"text-align: justify;\">Einzig allein unseren Freunden auf den Ausflugkats scheint die sengende Sonne nichts auszumachen. Sie sitzen auf den schmalen R\u00fcmpfen oder in den Trampolinen oder tanzen den ganzen Tag\u00a0 zu dr\u00f6hnenden Discobeats. Es kann schon eine Plage sein wenn man in einer eh schon \u00fcberf\u00fcllten Bucht von bis zu 4 (vier!) Ausflugkats umringt wird die jeweils \u00fcber 100 partys\u00fcchtige Ausflugsg\u00e4ste an Bord haben. Auf Kommando (Durchsage mit dem Megaphon in spanisch, deutsch und englisch) wird kollektiv ins Wasser gesprungen um kurz darauf nach dem Signal einer Trillerpfeife (kein Scherz) wieder an Bord zu klettern um zu Essen. Gott sei Dank ist der Spuk nach 1 1\/2 Stunden wieder vorbei und die Kats ziehen zur n\u00e4chsten Attraktion weiter. Das Meer geh\u00f6rt nun einmal Allen, auch den Ausflugkats!<br \/>\nWeiter geht es im zweiten Mallorca Blog mit dem Besuch von &#8230; aber zuerst findet Ihr hier 16 Bilder von Anfang August.<\/p>\n<p style=\"text-align: justify;\"><!-- index.php -->\n<div\n\tclass=\"ngg-galleryoverview ngg-ajax-pagination-none\"\n\tid=\"ngg-gallery-69b25c73722cd9974806f10dc36276fe-1\">\n\n    \t<div class=\"slideshowlink\">\n        <a href='http:\/\/pacifichigh.de\/wp_ph_de\/index.php\/nggallery\/slideshow?p=1912'>[Show slideshow]<\/a>\n\t\t\n\t<\/div>\n\t\t\t<!-- Thumbnails -->\n\t\t\t\t<div id=\"ngg-image-0\" class=\"ngg-gallery-thumbnail-box\" >\n\t\t\t\t        <div class=\"ngg-gallery-thumbnail\">\n            <a href=\"http:\/\/pacifichigh.de\/wp_ph_de\/wp-content\/gallery\/0908_01_mallorca1\/august_001.jpg\"\n               title=\"Beginnen wir unser Augustkaleidoskop mit dem geliebten Ausflugkats, hier gleich im Doppelpak!\"\n               data-src=\"http:\/\/pacifichigh.de\/wp_ph_de\/wp-content\/gallery\/0908_01_mallorca1\/august_001.jpg\"\n               data-thumbnail=\"http:\/\/pacifichigh.de\/wp_ph_de\/wp-content\/gallery\/0908_01_mallorca1\/thumbs\/thumbs_august_001.jpg\"\n               data-image-id=\"1362\"\n               data-title=\"august_001.jpg\"\n               data-description=\"Beginnen wir unser Augustkaleidoskop mit dem geliebten Ausflugkats, hier gleich im Doppelpak!\"\n               data-image-slug=\"august_001-jpg\"\n               class=\"ngg-fancybox\" rel=\"69b25c73722cd9974806f10dc36276fe\">\n                <img\n                    title=\"august_001.jpg\"\n                    alt=\"august_001.jpg\"\n                    src=\"http:\/\/pacifichigh.de\/wp_ph_de\/wp-content\/gallery\/0908_01_mallorca1\/thumbs\/thumbs_august_001.jpg\"\n                    width=\"150\"\n                    height=\"100\"\n                    style=\"max-width:100%;\"\n                \/>\n            <\/a>\n        <\/div>\n\t\t\t\t\t\t\t<\/div> \n\t\t\t\n        \n\t\t\t\t<div id=\"ngg-image-1\" class=\"ngg-gallery-thumbnail-box\" >\n\t\t\t\t        <div class=\"ngg-gallery-thumbnail\">\n            <a href=\"http:\/\/pacifichigh.de\/wp_ph_de\/wp-content\/gallery\/0908_01_mallorca1\/august_002.jpg\"\n               title=\"Hier fehlen leider die dr\u00f6hnende Discobeats...\"\n               data-src=\"http:\/\/pacifichigh.de\/wp_ph_de\/wp-content\/gallery\/0908_01_mallorca1\/august_002.jpg\"\n               data-thumbnail=\"http:\/\/pacifichigh.de\/wp_ph_de\/wp-content\/gallery\/0908_01_mallorca1\/thumbs\/thumbs_august_002.jpg\"\n               data-image-id=\"1363\"\n               data-title=\"august_002.jpg\"\n               data-description=\"Hier fehlen leider die dr\u00f6hnende Discobeats...\"\n               data-image-slug=\"august_002-jpg\"\n               class=\"ngg-fancybox\" rel=\"69b25c73722cd9974806f10dc36276fe\">\n                <img\n                    title=\"august_002.jpg\"\n                    alt=\"august_002.jpg\"\n                    src=\"http:\/\/pacifichigh.de\/wp_ph_de\/wp-content\/gallery\/0908_01_mallorca1\/thumbs\/thumbs_august_002.jpg\"\n                    width=\"150\"\n                    height=\"100\"\n                    style=\"max-width:100%;\"\n                \/>\n            <\/a>\n        <\/div>\n\t\t\t\t\t\t\t<\/div> \n\t\t\t\n        \n\t\t\t\t<div id=\"ngg-image-2\" class=\"ngg-gallery-thumbnail-box\" >\n\t\t\t\t        <div class=\"ngg-gallery-thumbnail\">\n            <a href=\"http:\/\/pacifichigh.de\/wp_ph_de\/wp-content\/gallery\/0908_01_mallorca1\/august_003.jpg\"\n               title=\"Habe den Solarregler \u2013 der laut Elektriker nicht mit meinen Solarzellen gekoppelt werden kann \u2013 mir nach schicken lassen (Danke Hubert!) und selber eingebaut. Resultat: l\u00e4uft perfekt und wir haben endlich Solarstrom wie geplant (Details k\u00f6nnt Ihr unterfolgendem Punkt in der Menueleiste nach lesen: Schiff\/Sicherheit und Ausr\u00fcstung\/Solarstrom)\"\n               data-src=\"http:\/\/pacifichigh.de\/wp_ph_de\/wp-content\/gallery\/0908_01_mallorca1\/august_003.jpg\"\n               data-thumbnail=\"http:\/\/pacifichigh.de\/wp_ph_de\/wp-content\/gallery\/0908_01_mallorca1\/thumbs\/thumbs_august_003.jpg\"\n               data-image-id=\"1364\"\n               data-title=\"august_003.jpg\"\n               data-description=\"Habe den Solarregler \u2013 der laut Elektriker nicht mit meinen Solarzellen gekoppelt werden kann \u2013 mir nach schicken lassen (Danke Hubert!) und selber eingebaut. Resultat: l\u00e4uft perfekt und wir haben endlich Solarstrom wie geplant (Details k\u00f6nnt Ihr unterfolgendem Punkt in der Menueleiste nach lesen: Schiff\/Sicherheit und Ausr\u00fcstung\/Solarstrom)\"\n               data-image-slug=\"august_003-jpg\"\n               class=\"ngg-fancybox\" rel=\"69b25c73722cd9974806f10dc36276fe\">\n                <img\n                    title=\"august_003.jpg\"\n                    alt=\"august_003.jpg\"\n                    src=\"http:\/\/pacifichigh.de\/wp_ph_de\/wp-content\/gallery\/0908_01_mallorca1\/thumbs\/thumbs_august_003.jpg\"\n                    width=\"150\"\n                    height=\"100\"\n                    style=\"max-width:100%;\"\n                \/>\n            <\/a>\n        <\/div>\n\t\t\t\t\t\t\t<\/div> \n\t\t\t\n        \n\t\t\t\t<div id=\"ngg-image-3\" class=\"ngg-gallery-thumbnail-box\" >\n\t\t\t\t        <div class=\"ngg-gallery-thumbnail\">\n            <a href=\"http:\/\/pacifichigh.de\/wp_ph_de\/wp-content\/gallery\/0908_01_mallorca1\/august_004.jpg\"\n               title=\"Auch Helena hat das Beibootfahren entdeckt und bringt uns sicher an Land\"\n               data-src=\"http:\/\/pacifichigh.de\/wp_ph_de\/wp-content\/gallery\/0908_01_mallorca1\/august_004.jpg\"\n               data-thumbnail=\"http:\/\/pacifichigh.de\/wp_ph_de\/wp-content\/gallery\/0908_01_mallorca1\/thumbs\/thumbs_august_004.jpg\"\n               data-image-id=\"1365\"\n               data-title=\"august_004.jpg\"\n               data-description=\"Auch Helena hat das Beibootfahren entdeckt und bringt uns sicher an Land\"\n               data-image-slug=\"august_004-jpg\"\n               class=\"ngg-fancybox\" rel=\"69b25c73722cd9974806f10dc36276fe\">\n                <img\n                    title=\"august_004.jpg\"\n                    alt=\"august_004.jpg\"\n                    src=\"http:\/\/pacifichigh.de\/wp_ph_de\/wp-content\/gallery\/0908_01_mallorca1\/thumbs\/thumbs_august_004.jpg\"\n                    width=\"133\"\n                    height=\"100\"\n                    style=\"max-width:100%;\"\n                \/>\n            <\/a>\n        <\/div>\n\t\t\t\t\t\t\t<\/div> \n\t\t\t\n        \n\t\t\t\t<div id=\"ngg-image-4\" class=\"ngg-gallery-thumbnail-box\" >\n\t\t\t\t        <div class=\"ngg-gallery-thumbnail\">\n            <a href=\"http:\/\/pacifichigh.de\/wp_ph_de\/wp-content\/gallery\/0908_01_mallorca1\/august_005.jpg\"\n               title=\"Rundgang durch Palma: \u00fcberall wundersch\u00f6n angelegte Blumenbeete\"\n               data-src=\"http:\/\/pacifichigh.de\/wp_ph_de\/wp-content\/gallery\/0908_01_mallorca1\/august_005.jpg\"\n               data-thumbnail=\"http:\/\/pacifichigh.de\/wp_ph_de\/wp-content\/gallery\/0908_01_mallorca1\/thumbs\/thumbs_august_005.jpg\"\n               data-image-id=\"1366\"\n               data-title=\"august_005.jpg\"\n               data-description=\"Rundgang durch Palma: \u00fcberall wundersch\u00f6n angelegte Blumenbeete\"\n               data-image-slug=\"august_005-jpg\"\n               class=\"ngg-fancybox\" rel=\"69b25c73722cd9974806f10dc36276fe\">\n                <img\n                    title=\"august_005.jpg\"\n                    alt=\"august_005.jpg\"\n                    src=\"http:\/\/pacifichigh.de\/wp_ph_de\/wp-content\/gallery\/0908_01_mallorca1\/thumbs\/thumbs_august_005.jpg\"\n                    width=\"150\"\n                    height=\"100\"\n                    style=\"max-width:100%;\"\n                \/>\n            <\/a>\n        <\/div>\n\t\t\t\t\t\t\t<\/div> \n\t\t\t\n        \n\t\t\t\t<div id=\"ngg-image-5\" class=\"ngg-gallery-thumbnail-box\" >\n\t\t\t\t        <div class=\"ngg-gallery-thumbnail\">\n            <a href=\"http:\/\/pacifichigh.de\/wp_ph_de\/wp-content\/gallery\/0908_01_mallorca1\/august_006.jpg\"\n               title=\"Rechts die Kathedrale von Palma und links der Almudaina Palast. Leider sind die Eintrittsgelder sehr hoch soda\u00df wir uns nicht Alles von innen anschauen konnten (Preise f\u00fcr uns vier: Kathedrale: 18\u20ac, Almundia Palast 14\u20ac, Castell de Belver 14\u20ac)\"\n               data-src=\"http:\/\/pacifichigh.de\/wp_ph_de\/wp-content\/gallery\/0908_01_mallorca1\/august_006.jpg\"\n               data-thumbnail=\"http:\/\/pacifichigh.de\/wp_ph_de\/wp-content\/gallery\/0908_01_mallorca1\/thumbs\/thumbs_august_006.jpg\"\n               data-image-id=\"1367\"\n               data-title=\"august_006.jpg\"\n               data-description=\"Rechts die Kathedrale von Palma und links der Almudaina Palast. Leider sind die Eintrittsgelder sehr hoch soda\u00df wir uns nicht Alles von innen anschauen konnten (Preise f\u00fcr uns vier: Kathedrale: 18\u20ac, Almundia Palast 14\u20ac, Castell de Belver 14\u20ac)\"\n               data-image-slug=\"august_006-jpg\"\n               class=\"ngg-fancybox\" rel=\"69b25c73722cd9974806f10dc36276fe\">\n                <img\n                    title=\"august_006.jpg\"\n                    alt=\"august_006.jpg\"\n                    src=\"http:\/\/pacifichigh.de\/wp_ph_de\/wp-content\/gallery\/0908_01_mallorca1\/thumbs\/thumbs_august_006.jpg\"\n                    width=\"150\"\n                    height=\"100\"\n                    style=\"max-width:100%;\"\n                \/>\n            <\/a>\n        <\/div>\n\t\t\t\t\t\t\t<\/div> \n\t\t\t\n        \n\t\t\t\t<div id=\"ngg-image-6\" class=\"ngg-gallery-thumbnail-box\" >\n\t\t\t\t        <div class=\"ngg-gallery-thumbnail\">\n            <a href=\"http:\/\/pacifichigh.de\/wp_ph_de\/wp-content\/gallery\/0908_01_mallorca1\/august_007.jpg\"\n               title=\"Das Apostelportal und die Rosette des Presbyteriums der bereits 1230 begonnenen aber erst im 17ten Jahrhundert vollendeten Kathedrale.\"\n               data-src=\"http:\/\/pacifichigh.de\/wp_ph_de\/wp-content\/gallery\/0908_01_mallorca1\/august_007.jpg\"\n               data-thumbnail=\"http:\/\/pacifichigh.de\/wp_ph_de\/wp-content\/gallery\/0908_01_mallorca1\/thumbs\/thumbs_august_007.jpg\"\n               data-image-id=\"1368\"\n               data-title=\"august_007.jpg\"\n               data-description=\"Das Apostelportal und die Rosette des Presbyteriums der bereits 1230 begonnenen aber erst im 17ten Jahrhundert vollendeten Kathedrale.\"\n               data-image-slug=\"august_007-jpg\"\n               class=\"ngg-fancybox\" rel=\"69b25c73722cd9974806f10dc36276fe\">\n                <img\n                    title=\"august_007.jpg\"\n                    alt=\"august_007.jpg\"\n                    src=\"http:\/\/pacifichigh.de\/wp_ph_de\/wp-content\/gallery\/0908_01_mallorca1\/thumbs\/thumbs_august_007.jpg\"\n                    width=\"150\"\n                    height=\"100\"\n                    style=\"max-width:100%;\"\n                \/>\n            <\/a>\n        <\/div>\n\t\t\t\t\t\t\t<\/div> \n\t\t\t\n        \n\t\t\t\t<div id=\"ngg-image-7\" class=\"ngg-gallery-thumbnail-box\" >\n\t\t\t\t        <div class=\"ngg-gallery-thumbnail\">\n            <a href=\"http:\/\/pacifichigh.de\/wp_ph_de\/wp-content\/gallery\/0908_01_mallorca1\/august_008.jpg\"\n               title=\"Schnappschuss vom Schnappschuss\"\n               data-src=\"http:\/\/pacifichigh.de\/wp_ph_de\/wp-content\/gallery\/0908_01_mallorca1\/august_008.jpg\"\n               data-thumbnail=\"http:\/\/pacifichigh.de\/wp_ph_de\/wp-content\/gallery\/0908_01_mallorca1\/thumbs\/thumbs_august_008.jpg\"\n               data-image-id=\"1369\"\n               data-title=\"august_008.jpg\"\n               data-description=\"Schnappschuss vom Schnappschuss\"\n               data-image-slug=\"august_008-jpg\"\n               class=\"ngg-fancybox\" rel=\"69b25c73722cd9974806f10dc36276fe\">\n                <img\n                    title=\"august_008.jpg\"\n                    alt=\"august_008.jpg\"\n                    src=\"http:\/\/pacifichigh.de\/wp_ph_de\/wp-content\/gallery\/0908_01_mallorca1\/thumbs\/thumbs_august_008.jpg\"\n                    width=\"150\"\n                    height=\"100\"\n                    style=\"max-width:100%;\"\n                \/>\n            <\/a>\n        <\/div>\n\t\t\t\t\t\t\t<\/div> \n\t\t\t\n        \n\t\t\t\t<div id=\"ngg-image-8\" class=\"ngg-gallery-thumbnail-box\" >\n\t\t\t\t        <div class=\"ngg-gallery-thumbnail\">\n            <a href=\"http:\/\/pacifichigh.de\/wp_ph_de\/wp-content\/gallery\/0908_01_mallorca1\/august_009.jpg\"\n               title=\"Das Rathaus von Palma in dem sich Elemente der Renaissance und des Barock mischen\"\n               data-src=\"http:\/\/pacifichigh.de\/wp_ph_de\/wp-content\/gallery\/0908_01_mallorca1\/august_009.jpg\"\n               data-thumbnail=\"http:\/\/pacifichigh.de\/wp_ph_de\/wp-content\/gallery\/0908_01_mallorca1\/thumbs\/thumbs_august_009.jpg\"\n               data-image-id=\"1370\"\n               data-title=\"august_009.jpg\"\n               data-description=\"Das Rathaus von Palma in dem sich Elemente der Renaissance und des Barock mischen\"\n               data-image-slug=\"august_009-jpg\"\n               class=\"ngg-fancybox\" rel=\"69b25c73722cd9974806f10dc36276fe\">\n                <img\n                    title=\"august_009.jpg\"\n                    alt=\"august_009.jpg\"\n                    src=\"http:\/\/pacifichigh.de\/wp_ph_de\/wp-content\/gallery\/0908_01_mallorca1\/thumbs\/thumbs_august_009.jpg\"\n                    width=\"150\"\n                    height=\"100\"\n                    style=\"max-width:100%;\"\n                \/>\n            <\/a>\n        <\/div>\n\t\t\t\t\t\t\t<\/div> \n\t\t\t\n        \n\t\t\t\t<div id=\"ngg-image-9\" class=\"ngg-gallery-thumbnail-box\" >\n\t\t\t\t        <div class=\"ngg-gallery-thumbnail\">\n            <a href=\"http:\/\/pacifichigh.de\/wp_ph_de\/wp-content\/gallery\/0908_01_mallorca1\/august_010.jpg\"\n               title=\"Diese riesigen Figuren \/ Puppen stehen im Rathaus und werden w\u00e4hrend \u00f6ffentlichen Festivit\u00e4ten durch die Strassen von Palma gefahren.\"\n               data-src=\"http:\/\/pacifichigh.de\/wp_ph_de\/wp-content\/gallery\/0908_01_mallorca1\/august_010.jpg\"\n               data-thumbnail=\"http:\/\/pacifichigh.de\/wp_ph_de\/wp-content\/gallery\/0908_01_mallorca1\/thumbs\/thumbs_august_010.jpg\"\n               data-image-id=\"1371\"\n               data-title=\"august_010.jpg\"\n               data-description=\"Diese riesigen Figuren \/ Puppen stehen im Rathaus und werden w\u00e4hrend \u00f6ffentlichen Festivit\u00e4ten durch die Strassen von Palma gefahren.\"\n               data-image-slug=\"august_010-jpg\"\n               class=\"ngg-fancybox\" rel=\"69b25c73722cd9974806f10dc36276fe\">\n                <img\n                    title=\"august_010.jpg\"\n                    alt=\"august_010.jpg\"\n                    src=\"http:\/\/pacifichigh.de\/wp_ph_de\/wp-content\/gallery\/0908_01_mallorca1\/thumbs\/thumbs_august_010.jpg\"\n                    width=\"150\"\n                    height=\"100\"\n                    style=\"max-width:100%;\"\n                \/>\n            <\/a>\n        <\/div>\n\t\t\t\t\t\t\t<\/div> \n\t\t\t\n        \n\t\t\t\t<div id=\"ngg-image-10\" class=\"ngg-gallery-thumbnail-box\" >\n\t\t\t\t        <div class=\"ngg-gallery-thumbnail\">\n            <a href=\"http:\/\/pacifichigh.de\/wp_ph_de\/wp-content\/gallery\/0908_01_mallorca1\/august_011.jpg\"\n               title=\"Das Baluard-Museum f\u00fcr Moderne und Zeitgen\u00f6ssische Kunst (uns hat es von au\u00dfen fast besser gefallen als von innen)...\"\n               data-src=\"http:\/\/pacifichigh.de\/wp_ph_de\/wp-content\/gallery\/0908_01_mallorca1\/august_011.jpg\"\n               data-thumbnail=\"http:\/\/pacifichigh.de\/wp_ph_de\/wp-content\/gallery\/0908_01_mallorca1\/thumbs\/thumbs_august_011.jpg\"\n               data-image-id=\"1372\"\n               data-title=\"august_011.jpg\"\n               data-description=\"Das Baluard-Museum f\u00fcr Moderne und Zeitgen\u00f6ssische Kunst (uns hat es von au\u00dfen fast besser gefallen als von innen)...\"\n               data-image-slug=\"august_011-jpg\"\n               class=\"ngg-fancybox\" rel=\"69b25c73722cd9974806f10dc36276fe\">\n                <img\n                    title=\"august_011.jpg\"\n                    alt=\"august_011.jpg\"\n                    src=\"http:\/\/pacifichigh.de\/wp_ph_de\/wp-content\/gallery\/0908_01_mallorca1\/thumbs\/thumbs_august_011.jpg\"\n                    width=\"150\"\n                    height=\"100\"\n                    style=\"max-width:100%;\"\n                \/>\n            <\/a>\n        <\/div>\n\t\t\t\t\t\t\t<\/div> \n\t\t\t\n        \n\t\t\t\t<div id=\"ngg-image-11\" class=\"ngg-gallery-thumbnail-box\" >\n\t\t\t\t        <div class=\"ngg-gallery-thumbnail\">\n            <a href=\"http:\/\/pacifichigh.de\/wp_ph_de\/wp-content\/gallery\/0908_01_mallorca1\/august_012.jpg\"\n               title=\"... besonders \u201eLa colonna del viaggiatore\u201c \u201eDie S\u00e4ule des Reisenden\u201c von Arnaldo Pomodoro hat es Anita angetan.\"\n               data-src=\"http:\/\/pacifichigh.de\/wp_ph_de\/wp-content\/gallery\/0908_01_mallorca1\/august_012.jpg\"\n               data-thumbnail=\"http:\/\/pacifichigh.de\/wp_ph_de\/wp-content\/gallery\/0908_01_mallorca1\/thumbs\/thumbs_august_012.jpg\"\n               data-image-id=\"1373\"\n               data-title=\"august_012.jpg\"\n               data-description=\"... besonders \u201eLa colonna del viaggiatore\u201c \u201eDie S\u00e4ule des Reisenden\u201c von Arnaldo Pomodoro hat es Anita angetan.\"\n               data-image-slug=\"august_012-jpg\"\n               class=\"ngg-fancybox\" rel=\"69b25c73722cd9974806f10dc36276fe\">\n                <img\n                    title=\"august_012.jpg\"\n                    alt=\"august_012.jpg\"\n                    src=\"http:\/\/pacifichigh.de\/wp_ph_de\/wp-content\/gallery\/0908_01_mallorca1\/thumbs\/thumbs_august_012.jpg\"\n                    width=\"133\"\n                    height=\"100\"\n                    style=\"max-width:100%;\"\n                \/>\n            <\/a>\n        <\/div>\n\t\t\t\t\t\t\t<\/div> \n\t\t\t\n        \n\t\t\t\t<div id=\"ngg-image-12\" class=\"ngg-gallery-thumbnail-box\" >\n\t\t\t\t        <div class=\"ngg-gallery-thumbnail\">\n            <a href=\"http:\/\/pacifichigh.de\/wp_ph_de\/wp-content\/gallery\/0908_01_mallorca1\/august_014.jpg\"\n               title=\"Ende eines Einkaufbummels: die Ladenkette \u201eM\u00fcller\u201c auf Mallorca ist eine exakte Kopie aus Deutschland mit Helena\u2019s geliebten Chips Oriental (sonst nirgendwo zu bekommen), deutschen DVD\u2019s, etc. Nicht nur Anita und die Kinder m\u00fcssen tragen...\"\n               data-src=\"http:\/\/pacifichigh.de\/wp_ph_de\/wp-content\/gallery\/0908_01_mallorca1\/august_014.jpg\"\n               data-thumbnail=\"http:\/\/pacifichigh.de\/wp_ph_de\/wp-content\/gallery\/0908_01_mallorca1\/thumbs\/thumbs_august_014.jpg\"\n               data-image-id=\"1375\"\n               data-title=\"august_014.jpg\"\n               data-description=\"Ende eines Einkaufbummels: die Ladenkette \u201eM\u00fcller\u201c auf Mallorca ist eine exakte Kopie aus Deutschland mit Helena\u2019s geliebten Chips Oriental (sonst nirgendwo zu bekommen), deutschen DVD\u2019s, etc. Nicht nur Anita und die Kinder m\u00fcssen tragen...\"\n               data-image-slug=\"august_014-jpg\"\n               class=\"ngg-fancybox\" rel=\"69b25c73722cd9974806f10dc36276fe\">\n                <img\n                    title=\"august_014.jpg\"\n                    alt=\"august_014.jpg\"\n                    src=\"http:\/\/pacifichigh.de\/wp_ph_de\/wp-content\/gallery\/0908_01_mallorca1\/thumbs\/thumbs_august_014.jpg\"\n                    width=\"150\"\n                    height=\"100\"\n                    style=\"max-width:100%;\"\n                \/>\n            <\/a>\n        <\/div>\n\t\t\t\t\t\t\t<\/div> \n\t\t\t\n        \n\t\t\t\t<div id=\"ngg-image-13\" class=\"ngg-gallery-thumbnail-box\" >\n\t\t\t\t        <div class=\"ngg-gallery-thumbnail\">\n            <a href=\"http:\/\/pacifichigh.de\/wp_ph_de\/wp-content\/gallery\/0908_01_mallorca1\/august_015.jpg\"\n               title=\"... auch f\u00fcr Klaus ist noch was \u00fcbrig geblieben.\"\n               data-src=\"http:\/\/pacifichigh.de\/wp_ph_de\/wp-content\/gallery\/0908_01_mallorca1\/august_015.jpg\"\n               data-thumbnail=\"http:\/\/pacifichigh.de\/wp_ph_de\/wp-content\/gallery\/0908_01_mallorca1\/thumbs\/thumbs_august_015.jpg\"\n               data-image-id=\"1376\"\n               data-title=\"august_015.jpg\"\n               data-description=\"... auch f\u00fcr Klaus ist noch was \u00fcbrig geblieben.\"\n               data-image-slug=\"august_015-jpg\"\n               class=\"ngg-fancybox\" rel=\"69b25c73722cd9974806f10dc36276fe\">\n                <img\n                    title=\"august_015.jpg\"\n                    alt=\"august_015.jpg\"\n                    src=\"http:\/\/pacifichigh.de\/wp_ph_de\/wp-content\/gallery\/0908_01_mallorca1\/thumbs\/thumbs_august_015.jpg\"\n                    width=\"133\"\n                    height=\"100\"\n                    style=\"max-width:100%;\"\n                \/>\n            <\/a>\n        <\/div>\n\t\t\t\t\t\t\t<\/div> \n\t\t\t\n        \n\t\t\t\t<div id=\"ngg-image-14\" class=\"ngg-gallery-thumbnail-box\" >\n\t\t\t\t        <div class=\"ngg-gallery-thumbnail\">\n            <a href=\"http:\/\/pacifichigh.de\/wp_ph_de\/wp-content\/gallery\/0908_01_mallorca1\/august_016.jpg\"\n               title=\"Anita n\u00e4ht ein gro\u00dfes Sonnensegel f\u00fcr das Vorschiff \u2013 den Stoff haben wir g\u00fcnstig bei Ikea \/ Palma gekauft.\"\n               data-src=\"http:\/\/pacifichigh.de\/wp_ph_de\/wp-content\/gallery\/0908_01_mallorca1\/august_016.jpg\"\n               data-thumbnail=\"http:\/\/pacifichigh.de\/wp_ph_de\/wp-content\/gallery\/0908_01_mallorca1\/thumbs\/thumbs_august_016.jpg\"\n               data-image-id=\"1377\"\n               data-title=\"august_016.jpg\"\n               data-description=\"Anita n\u00e4ht ein gro\u00dfes Sonnensegel f\u00fcr das Vorschiff \u2013 den Stoff haben wir g\u00fcnstig bei Ikea \/ Palma gekauft.\"\n               data-image-slug=\"august_016-jpg\"\n               class=\"ngg-fancybox\" rel=\"69b25c73722cd9974806f10dc36276fe\">\n                <img\n                    title=\"august_016.jpg\"\n                    alt=\"august_016.jpg\"\n                    src=\"http:\/\/pacifichigh.de\/wp_ph_de\/wp-content\/gallery\/0908_01_mallorca1\/thumbs\/thumbs_august_016.jpg\"\n                    width=\"150\"\n                    height=\"100\"\n                    style=\"max-width:100%;\"\n                \/>\n            <\/a>\n        <\/div>\n\t\t\t\t\t\t\t<\/div> \n\t\t\t\n        \n\t\t\n\t\t<!-- Pagination -->\n\t<div class='ngg-clear'><\/div>\t<\/div>\n<\/p>\n<p><!--:--><\/p>\n","protected":false},"excerpt":{"rendered":"<p>Wie schnell die Zeit vergeht&#8230; Uns kommt es so vor, als w\u00e4ren wir gerade noch auf Ibiza gewesen, dabei sind wir Anfang des Monats nach Mallorca gesegelt und jetzt ist auch schon der August vorbei! Es war ein ereignisreicher Monat, mit vielen netten Besuchern, Kontakt zu vielen anderen Seglern in den Buchten, vielen neuen Entdeckungen, [&hellip;]<\/p>\n","protected":false},"author":2,"featured_media":0,"comment_status":"closed","ping_status":"closed","sticky":false,"template":"","format":"standard","meta":{"_s2mail":"","ngg_post_thumbnail":0},"categories":[2],"tags":[],"_links":{"self":[{"href":"http:\/\/pacifichigh.de\/wp_ph_de\/index.php?rest_route=\/wp\/v2\/posts\/1912"}],"collection":[{"href":"http:\/\/pacifichigh.de\/wp_ph_de\/index.php?rest_route=\/wp\/v2\/posts"}],"about":[{"href":"http:\/\/pacifichigh.de\/wp_ph_de\/index.php?rest_route=\/wp\/v2\/types\/post"}],"author":[{"embeddable":true,"href":"http:\/\/pacifichigh.de\/wp_ph_de\/index.php?rest_route=\/wp\/v2\/users\/2"}],"replies":[{"embeddable":true,"href":"http:\/\/pacifichigh.de\/wp_ph_de\/index.php?rest_route=%2Fwp%2Fv2%2Fcomments&post=1912"}],"version-history":[{"count":0,"href":"http:\/\/pacifichigh.de\/wp_ph_de\/index.php?rest_route=\/wp\/v2\/posts\/1912\/revisions"}],"wp:attachment":[{"href":"http:\/\/pacifichigh.de\/wp_ph_de\/index.php?rest_route=%2Fwp%2Fv2%2Fmedia&parent=1912"}],"wp:term":[{"taxonomy":"category","embeddable":true,"href":"http:\/\/pacifichigh.de\/wp_ph_de\/index.php?rest_route=%2Fwp%2Fv2%2Fcategories&post=1912"},{"taxonomy":"post_tag","embeddable":true,"href":"http:\/\/pacifichigh.de\/wp_ph_de\/index.php?rest_route=%2Fwp%2Fv2%2Ftags&post=1912"}],"curies":[{"name":"wp","href":"https:\/\/api.w.org\/{rel}","templated":true}]}}